{"id":543,"date":"2011-01-13T22:40:05","date_gmt":"2011-01-13T21:40:05","guid":{"rendered":"http:\/\/agora.xtec.cat\/iesmiquelbosch\/general\/viatge-final-de-curs-i-proves-extraordin\/"},"modified":"2016-07-20T16:03:10","modified_gmt":"2016-07-20T15:03:10","slug":"viatge-final-de-curs-i-proves-extraordin","status":"publish","type":"post","link":"https:\/\/agora.xtec.cat\/iesmiquelbosch\/general\/viatge-final-de-curs-i-proves-extraordin\/","title":{"rendered":"Viatge final de curs i proves extraordin\u00e0ries 4t d&#8217;ESO"},"content":{"rendered":"<p align=\"center\" style=\"color: #ff00ae;\"><font size=\"4\" face=\"arial,helvetica,sans-serif\"><font size=\"5\"><strong>Canvi de dates del viatge i proves extraordin\u00e0ries 4t d&#8217;ESO <\/strong><\/font><br \/><\/font><\/p>\n<p align=\"center\"><font size=\"4\" face=\"arial,helvetica,sans-serif\" style=\"color: #ff00ae;\">Llegiu la Not\u00edcia completa<\/font><\/p>\n<p><!--[if gte mso 9]><xml>\n <w:WordDocument>\n  <w:View>Normal<\/w:View>\n  <w:Zoom>0<\/w:Zoom>\n  <w:HyphenationZone>21<\/w:HyphenationZone>\n  <w:PunctuationKerning\/>\n  <w:ValidateAgainstSchemas\/>\n  <w:SaveIfXMLInvalid>false<\/w:SaveIfXMLInvalid>\n  <w:IgnoreMixedContent>false<\/w:IgnoreMixedContent>\n  <w:AlwaysShowPlaceholderText>false<\/w:AlwaysShowPlaceholderText>\n  <w:Compatibility>\n   <w:BreakWrappedTables\/>\n   <w:SnapToGridInCell\/>\n   <w:WrapTextWithPunct\/>\n   <w:UseAsianBreakRules\/>\n   <w:DontGrowAutofit\/>\n  <\/w:Compatibility>\n  <w:BrowserLevel>MicrosoftInternetExplorer4<\/w:BrowserLevel>\n <\/w:WordDocument>\n<\/xml><![endif]--><!--[if gte mso 9]><xml>\n <w:LatentStyles DefLockedState=\"false\" LatentStyleCount=\"156\">\n <\/w:LatentStyles>\n<\/xml><![endif]--><!--[if gte mso 10]>\n\n\n<style>\n \/* Style Definitions *\/\n table.MsoNormalTable\n\t{mso-style-name:\"Tabla normal\";\n\tmso-tstyle-rowband-size:0;\n\tmso-tstyle-colband-size:0;\n\tmso-style-noshow:yes;\n\tmso-style-parent:\"\";\n\tmso-padding-alt:0cm 5.4pt 0cm 5.4pt;\n\tmso-para-margin:0cm;\n\tmso-para-margin-bottom:.0001pt;\n\tmso-pagination:widow-orphan;\n\tfont-size:10.0pt;\n\tfont-family:\"Times New Roman\";\n\tmso-ansi-language:#0400;\n\tmso-fareast-language:#0400;\n\tmso-bidi-language:#0400;}\n<\/style>\n\n\n<![endif]--> <\/p>\n<p style=\"text-align: justify; color: #ff00ae;\" class=\"MsoNormal\"><font size=\"4\" face=\"arial,helvetica,sans-serif\"><span lang=\"CA\" style=\"font-size: 12pt;\">Benvolguts pares i mares, <\/span><\/font><\/p>\n<p style=\"text-align: justify; color: #ff00ae;\" class=\"MsoNormal\"><font size=\"4\" face=\"arial,helvetica,sans-serif\"><span lang=\"CA\" style=\"font-size: 12pt;\">A la reuni\u00f3 de pares i mares que es va celebrar a principis d\u2019aquest<br \/>\ncurs, vau manifestar la vostra preocupaci\u00f3 per les dates del viatge de final de<br \/>\ncurs i de les proves extraordin\u00e0ries, ja que aquestes es feien, seguint el calendari<br \/>\npublicat pel Departament d\u2019Educaci\u00f3, amb posterioritat al viatge.<\/span><\/font><\/p>\n<p style=\"text-align: justify; color: #ff00ae;\" class=\"MsoNormal\"><font size=\"4\" face=\"arial,helvetica,sans-serif\"><span lang=\"CA\" style=\"font-size: 12pt;\">Per atendre les vostres demandes, la direcci\u00f3 del centre, conjuntament<br \/>\namb les tutores de 4t d\u2019ESO, ha decidit:<\/span><\/font><\/p>\n<p style=\"margin-left: 18pt; text-align: justify; text-indent: -18pt; color: #ff00ae;\" class=\"MsoNormal\"><font size=\"4\" face=\"arial,helvetica,sans-serif\"><span lang=\"CA\" style=\"font-size: 12pt; font-family: &quot;Comic Sans MS&quot;;\"><span>&#8211;<span style=\"font: 7pt &quot;Times New Roman&quot;;\"> <\/span><\/span><\/span><span dir=\"LTR\"><span lang=\"CA\" style=\"font-size: 12pt;\">endarrerir el viatge, que es far\u00e0 entre el 18 de juny (dissabte) i el 22<br \/>\nde juny (dimecres). <\/span><\/span><\/font><\/p>\n<p style=\"margin-left: 18pt; text-align: justify; text-indent: -18pt; color: #ff00ae;\" class=\"MsoNormal\"><font size=\"4\" face=\"arial,helvetica,sans-serif\"><span lang=\"CA\" style=\"font-size: 12pt; font-family: &quot;Comic Sans MS&quot;;\"><span>&#8211;<span style=\"font: 7pt &quot;Times New Roman&quot;;\"> <\/span><\/span><\/span><span dir=\"LTR\"><span lang=\"CA\" style=\"font-size: 12pt;\">fer els dos despla\u00e7aments en avi\u00f3, amb un encariment del preu de nom\u00e9s 15<br \/>\neuros respecte fer un dels viatges en ferri. A m\u00e9s a m\u00e9s, les valoracions del<br \/>\nprofessorat acompanyant del viatge del curs passat aix\u00ed ho recomanaven per<br \/>\nevitar que alguns alumnes es maregin. <\/span><\/span><\/font><\/p>\n<p style=\"text-align: justify; color: #ff00ae;\" class=\"MsoNormal\"><font size=\"4\" face=\"arial,helvetica,sans-serif\"><span lang=\"CA\" style=\"font-size: 12pt;\">&nbsp;Els canvis que aix\u00f2 comporta s\u00f3n els seg\u00fcents:<\/span><\/font><\/p>\n<p style=\"margin-left: 18pt; text-align: justify; text-indent: -18pt; color: #ff00ae;\" class=\"MsoNormal\"><font size=\"4\" face=\"arial,helvetica,sans-serif\"><span lang=\"CA\" style=\"font-size: 12pt; font-family: &quot;Comic Sans MS&quot;;\"><span>&#8211;<span style=\"font: 7pt &quot;Times New Roman&quot;;\"> <\/span><\/span><\/span><span dir=\"LTR\"><span lang=\"CA\" style=\"font-size: 12pt;\">el viatge durar\u00e0 cinc dies.<\/span><\/span><\/font><\/p>\n<p style=\"margin-left: 18pt; text-align: justify; text-indent: -18pt; color: #ff00ae;\" class=\"MsoNormal\"><font size=\"4\" face=\"arial,helvetica,sans-serif\"><span lang=\"CA\" style=\"font-size: 12pt; font-family: &quot;Comic Sans MS&quot;;\"><span>&#8211;<span style=\"font: 7pt &quot;Times New Roman&quot;;\"> <\/span><\/span><\/span><span dir=\"LTR\"><span lang=\"CA\" style=\"font-size: 12pt;\">les proves extraordin\u00e0ries, d\u2019acord amb les vostres demandes, es faran<br \/>\nabans, els dies 14, 15, 16 i 17 de juny.<\/span><\/span><\/font><\/p>\n<p class=\"MsoNormal\" style=\"color: #ff00ae;\"><font size=\"4\" face=\"arial,helvetica,sans-serif\"><span lang=\"CA\" style=\"font-size: 12pt;\">Eva Navarro Soriano<\/span><\/font><\/p>\n<p class=\"MsoNormal\" style=\"color: #ff00ae;\"><font size=\"4\" face=\"arial,helvetica,sans-serif\"><span lang=\"CA\" style=\"font-size: 12pt;\">Cap d\u2019Estudis Adjunt<span> <\/span><\/span><\/font><\/p>\n","protected":false},"excerpt":{"rendered":"<p>Canvi de dates del viatge i proves extraordin\u00e0ries 4t d&#8217;ESO<br \/>\nLlegiu la Not\u00edcia completa<\/p>\n<p>Benvolguts pares i mares,<br \/>\nA la reuni\u00f3 de pares i mares que es va celebrar a principis d\u2019aquest<br \/>\ncurs, vau manifestar la vostra preocupaci\u00f3 per les dates del viatge de final de<br \/>\ncurs&hellip;  <a href=\"https:\/\/agora.xtec.cat\/iesmiquelbosch\/general\/viatge-final-de-curs-i-proves-extraordin\/\" title=\"Read Viatge final de curs i proves extraordin\u00e0ries 4t d&#8217;ESO\">Llegeix m\u00e9s\u00bb<\/a><\/p>\n","protected":false},"author":4,"featured_media":0,"comment_status":"open","ping_status":"open","sticky":false,"template":"","format":"standard","meta":{"_bbp_topic_count":0,"_bbp_reply_count":0,"_bbp_total_topic_count":0,"_bbp_total_reply_count":0,"_bbp_voice_count":0,"_bbp_anonymous_reply_count":0,"_bbp_topic_count_hidden":0,"_bbp_reply_count_hidden":0,"_bbp_forum_subforum_count":0,"footnotes":""},"categories":[1],"tags":[70,73],"class_list":["post-543","post","type-post","status-publish","format-standard","hentry","category-general","tag-intraweb","tag-noticies"],"post_mailing_queue_ids":[],"_links":{"self":[{"href":"https:\/\/agora.xtec.cat\/iesmiquelbosch\/wp-json\/wp\/v2\/posts\/543","targetHints":{"allow":["GET"]}}],"collection":[{"href":"https:\/\/agora.xtec.cat\/iesmiquelbosch\/wp-json\/wp\/v2\/posts"}],"about":[{"href":"https:\/\/agora.xtec.cat\/iesmiquelbosch\/wp-json\/wp\/v2\/types\/post"}],"author":[{"embeddable":true,"href":"https:\/\/agora.xtec.cat\/iesmiquelbosch\/wp-json\/wp\/v2\/users\/4"}],"replies":[{"embeddable":true,"href":"https:\/\/agora.xtec.cat\/iesmiquelbosch\/wp-json\/wp\/v2\/comments?post=543"}],"version-history":[{"count":1,"href":"https:\/\/agora.xtec.cat\/iesmiquelbosch\/wp-json\/wp\/v2\/posts\/543\/revisions"}],"predecessor-version":[{"id":1278,"href":"https:\/\/agora.xtec.cat\/iesmiquelbosch\/wp-json\/wp\/v2\/posts\/543\/revisions\/1278"}],"wp:attachment":[{"href":"https:\/\/agora.xtec.cat\/iesmiquelbosch\/wp-json\/wp\/v2\/media?parent=543"}],"wp:term":[{"taxonomy":"category","embeddable":true,"href":"https:\/\/agora.xtec.cat\/iesmiquelbosch\/wp-json\/wp\/v2\/categories?post=543"},{"taxonomy":"post_tag","embeddable":true,"href":"https:\/\/agora.xtec.cat\/iesmiquelbosch\/wp-json\/wp\/v2\/tags?post=543"}],"curies":[{"name":"wp","href":"https:\/\/api.w.org\/{rel}","templated":true}]}}