{"id":532,"date":"2010-11-25T19:53:04","date_gmt":"2010-11-25T18:53:04","guid":{"rendered":"http:\/\/agora.xtec.cat\/iesmiquelbosch\/general\/projecte-1-x-1-arribada-i-recollida-dels-netbooks\/"},"modified":"2016-07-20T16:03:09","modified_gmt":"2016-07-20T15:03:09","slug":"projecte-1-x-1-arribada-i-recollida-dels-netbooks","status":"publish","type":"post","link":"https:\/\/agora.xtec.cat\/iesmiquelbosch\/general\/projecte-1-x-1-arribada-i-recollida-dels-netbooks\/","title":{"rendered":"PROJECTE  1  X  1    :   ARRIBADA   I   RECOLLIDA   DELS  NETBOOKS"},"content":{"rendered":"<p>El dimecres dia 24 van arribar els miniport\u00e0tils per als alumnes de 1r&nbsp; i&nbsp; 2n&nbsp; d&#8217;ESO. L&#8217;endem\u00e0 dijous s&#8217;ha repartit un escrit amb un seguit d&#8217;informacions. S\u00f3n les seg\u00fcents :<\/p>\n<p>1.&nbsp; El divendres 26 de novembre el pare o la mare dels alumnes haur\u00edeu de passar per l&#8217;institut&nbsp;per recollir la m\u00e0quina. Caldr\u00e0&nbsp;portar el&nbsp;DNI.&nbsp; Tamb\u00e9 ens han arribat les m\u00e0quines dels alumnes becats.<\/p>\n<p>2.&nbsp; L&#8217;horari de recollida del dia 26 ser\u00e0 d&#8217;&nbsp; 11.30&#8242;&nbsp; a&nbsp; 19&nbsp; hores.<\/p>\n<p>3.&nbsp; Caldr\u00e0 seguir les instruccions que es lliuraran amb la m\u00e0quina.<\/p>\n<p>4.&nbsp; La m\u00e0quina \u00e9s propietat de la fam\u00edlia. Caldr\u00e0 tenir cura del seu manteniment, conservaci\u00f3 i bon \u00fas.<\/p>\n<p>5.&nbsp; El netbook no s&#8217;haur\u00e0 de portar a l&#8217;institut fins el dia 13 de desembre.<\/p>\n<p>6.&nbsp; Qualsevol problema de funcionament caldr\u00e0 comunicar-lo a l&#8217;institut per solucionar-ho.<\/p>\n<p>7.&nbsp; La setmana vinent publicarem m\u00e9s informaci\u00f3 : normativa interna d&#8217;\u00fas , asseguran\u00e7a a tot risc , adquisici\u00f3 de complements (per exemple, funda protectora).<\/p>\n","protected":false},"excerpt":{"rendered":"<p>El dimecres dia 24 van arribar els miniport\u00e0tils per als alumnes de 1r&nbsp; i&nbsp; 2n&nbsp; d&#8217;ESO. L&#8217;endem\u00e0 dijous s&#8217;ha repartit un escrit amb un seguit d&#8217;informacions. S\u00f3n les seg\u00fcents :<br \/>\n1.&nbsp; El divendres 26 de novembre el pare o la mare dels alumnes haur\u00edeu de passar&hellip;  <a href=\"https:\/\/agora.xtec.cat\/iesmiquelbosch\/general\/projecte-1-x-1-arribada-i-recollida-dels-netbooks\/\" title=\"Read PROJECTE  1  X  1    :   ARRIBADA   I   RECOLLIDA   DELS  NETBOOKS\">Llegeix m\u00e9s\u00bb<\/a><\/p>\n","protected":false},"author":1,"featured_media":0,"comment_status":"open","ping_status":"open","sticky":false,"template":"","format":"standard","meta":{"_bbp_topic_count":0,"_bbp_reply_count":0,"_bbp_total_topic_count":0,"_bbp_total_reply_count":0,"_bbp_voice_count":0,"_bbp_anonymous_reply_count":0,"_bbp_topic_count_hidden":0,"_bbp_reply_count_hidden":0,"_bbp_forum_subforum_count":0,"footnotes":""},"categories":[1],"tags":[70,73],"class_list":["post-532","post","type-post","status-publish","format-standard","hentry","category-general","tag-intraweb","tag-noticies"],"post_mailing_queue_ids":[],"_links":{"self":[{"href":"https:\/\/agora.xtec.cat\/iesmiquelbosch\/wp-json\/wp\/v2\/posts\/532","targetHints":{"allow":["GET"]}}],"collection":[{"href":"https:\/\/agora.xtec.cat\/iesmiquelbosch\/wp-json\/wp\/v2\/posts"}],"about":[{"href":"https:\/\/agora.xtec.cat\/iesmiquelbosch\/wp-json\/wp\/v2\/types\/post"}],"author":[{"embeddable":true,"href":"https:\/\/agora.xtec.cat\/iesmiquelbosch\/wp-json\/wp\/v2\/users\/1"}],"replies":[{"embeddable":true,"href":"https:\/\/agora.xtec.cat\/iesmiquelbosch\/wp-json\/wp\/v2\/comments?post=532"}],"version-history":[{"count":1,"href":"https:\/\/agora.xtec.cat\/iesmiquelbosch\/wp-json\/wp\/v2\/posts\/532\/revisions"}],"predecessor-version":[{"id":1267,"href":"https:\/\/agora.xtec.cat\/iesmiquelbosch\/wp-json\/wp\/v2\/posts\/532\/revisions\/1267"}],"wp:attachment":[{"href":"https:\/\/agora.xtec.cat\/iesmiquelbosch\/wp-json\/wp\/v2\/media?parent=532"}],"wp:term":[{"taxonomy":"category","embeddable":true,"href":"https:\/\/agora.xtec.cat\/iesmiquelbosch\/wp-json\/wp\/v2\/categories?post=532"},{"taxonomy":"post_tag","embeddable":true,"href":"https:\/\/agora.xtec.cat\/iesmiquelbosch\/wp-json\/wp\/v2\/tags?post=532"}],"curies":[{"name":"wp","href":"https:\/\/api.w.org\/{rel}","templated":true}]}}