{"id":5307,"date":"2020-02-18T12:59:15","date_gmt":"2020-02-18T11:59:15","guid":{"rendered":"http:\/\/agora.xtec.cat\/iesmiquelbosch\/?p=5307"},"modified":"2020-02-28T10:04:45","modified_gmt":"2020-02-28T09:04:45","slug":"economia-social-i-finances-etiques","status":"publish","type":"post","link":"https:\/\/agora.xtec.cat\/iesmiquelbosch\/general\/economia-social-i-finances-etiques\/","title":{"rendered":"Economia Social i Finances \u00c8tiques"},"content":{"rendered":"<p>Els alumnes de 4t d&#8217;ESO B han estat realitzant al llarg de tres hores, a ra\u00f3 d&#8217;una hora setmanal, tres tallers sobre Economia Social i Finances \u00c8tiques, una iniciativa de\u00a0 l&#8217;Associaci\u00f3 Economia Social Catalunya (AESCAT).<\/p>\n<p>En el primer taller van con\u00e8ixer algunes de les diferents iniciatives socials, en forma de cooperatives, associacions i mutualitats, que hi ha a prop nostre, A partir d&#8217;un web que recull alguns projectes, vam analitzar diversos aspectes de les iniciatives triades, com la gesti\u00f3 dels residus, les condicions de treball, el grau de transpar\u00e8ncia o l&#8217;arrelament territorial.<\/p>\n<p>En el segon van desenvolupar un joc de rol en el que els inquilins havien de prendre decisions de manera conjunta, de manera semblant a com es fa en una cooperativa, on cada cooperativista t\u00e9 un vot.<\/p>\n<p>I finalment, en el tercer taller van fer un altre joc de rol per endinsar-se en les caracter\u00edstiques de la banca \u00e8tica en relaci\u00f3 a la banca tradicional.<\/p>\n<p>Podeu veure m\u00e9s fotos en l&#8217;apartat habitual d&#8217;aquest web.<\/p>\n<p><a href=\"https:\/\/agora.xtec.cat\/iesmiquelbosch\/wp-content\/uploads\/usu626\/2020\/02\/IMG_20200217_142114.jpg\"><img loading=\"lazy\" decoding=\"async\" class=\"alignnone size-large wp-image-5318\" src=\"https:\/\/agora.xtec.cat\/iesmiquelbosch\/wp-content\/uploads\/usu626\/2020\/02\/IMG_20200217_142114-1024x766.jpg\" alt=\"\" width=\"1024\" height=\"766\" srcset=\"https:\/\/agora.xtec.cat\/iesmiquelbosch\/wp-content\/uploads\/usu626\/2020\/02\/IMG_20200217_142114-1024x766.jpg 1024w, https:\/\/agora.xtec.cat\/iesmiquelbosch\/wp-content\/uploads\/usu626\/2020\/02\/IMG_20200217_142114-300x224.jpg 300w, https:\/\/agora.xtec.cat\/iesmiquelbosch\/wp-content\/uploads\/usu626\/2020\/02\/IMG_20200217_142114-768x574.jpg 768w, https:\/\/agora.xtec.cat\/iesmiquelbosch\/wp-content\/uploads\/usu626\/2020\/02\/IMG_20200217_142114-200x150.jpg 200w, https:\/\/agora.xtec.cat\/iesmiquelbosch\/wp-content\/uploads\/usu626\/2020\/02\/IMG_20200217_142114.jpg 2016w\" sizes=\"auto, (max-width: 1024px) 100vw, 1024px\" \/><\/a><\/p>\n<p>&nbsp;<\/p>\n<p>&nbsp;<\/p>\n<p>&nbsp;<\/p>\n","protected":false},"excerpt":{"rendered":"<p>Els alumnes de 4t d&#8217;ESO B han estat realitzant al llarg de tres hores, a ra\u00f3 d&#8217;una hora setmanal, tres tallers sobre Economia Social i Finances \u00c8tiques, una iniciativa de\u00a0 l&#8217;Associaci\u00f3 Economia Social Catalunya (AESCAT).<br \/>\nEn el primer taller van con\u00e8ixer algunes de les diferents iniciatives&hellip;  <a href=\"https:\/\/agora.xtec.cat\/iesmiquelbosch\/general\/economia-social-i-finances-etiques\/\" title=\"Read Economia Social i Finances \u00c8tiques\">Llegeix m\u00e9s\u00bb<\/a><\/p>\n","protected":false},"author":1,"featured_media":5318,"comment_status":"open","ping_status":"closed","sticky":false,"template":"","format":"standard","meta":{"_bbp_topic_count":0,"_bbp_reply_count":0,"_bbp_total_topic_count":0,"_bbp_total_reply_count":0,"_bbp_voice_count":0,"_bbp_anonymous_reply_count":0,"_bbp_topic_count_hidden":0,"_bbp_reply_count_hidden":0,"_bbp_forum_subforum_count":0,"footnotes":""},"categories":[1],"tags":[],"class_list":["post-5307","post","type-post","status-publish","format-standard","has-post-thumbnail","hentry","category-general"],"post_mailing_queue_ids":[],"_links":{"self":[{"href":"https:\/\/agora.xtec.cat\/iesmiquelbosch\/wp-json\/wp\/v2\/posts\/5307","targetHints":{"allow":["GET"]}}],"collection":[{"href":"https:\/\/agora.xtec.cat\/iesmiquelbosch\/wp-json\/wp\/v2\/posts"}],"about":[{"href":"https:\/\/agora.xtec.cat\/iesmiquelbosch\/wp-json\/wp\/v2\/types\/post"}],"author":[{"embeddable":true,"href":"https:\/\/agora.xtec.cat\/iesmiquelbosch\/wp-json\/wp\/v2\/users\/1"}],"replies":[{"embeddable":true,"href":"https:\/\/agora.xtec.cat\/iesmiquelbosch\/wp-json\/wp\/v2\/comments?post=5307"}],"version-history":[{"count":3,"href":"https:\/\/agora.xtec.cat\/iesmiquelbosch\/wp-json\/wp\/v2\/posts\/5307\/revisions"}],"predecessor-version":[{"id":5319,"href":"https:\/\/agora.xtec.cat\/iesmiquelbosch\/wp-json\/wp\/v2\/posts\/5307\/revisions\/5319"}],"wp:featuredmedia":[{"embeddable":true,"href":"https:\/\/agora.xtec.cat\/iesmiquelbosch\/wp-json\/wp\/v2\/media\/5318"}],"wp:attachment":[{"href":"https:\/\/agora.xtec.cat\/iesmiquelbosch\/wp-json\/wp\/v2\/media?parent=5307"}],"wp:term":[{"taxonomy":"category","embeddable":true,"href":"https:\/\/agora.xtec.cat\/iesmiquelbosch\/wp-json\/wp\/v2\/categories?post=5307"},{"taxonomy":"post_tag","embeddable":true,"href":"https:\/\/agora.xtec.cat\/iesmiquelbosch\/wp-json\/wp\/v2\/tags?post=5307"}],"curies":[{"name":"wp","href":"https:\/\/api.w.org\/{rel}","templated":true}]}}