{"id":5305,"date":"2020-02-16T20:02:46","date_gmt":"2020-02-16T19:02:46","guid":{"rendered":"http:\/\/agora.xtec.cat\/iesmiquelbosch\/?p=5305"},"modified":"2020-02-16T20:02:46","modified_gmt":"2020-02-16T19:02:46","slug":"jornada-portes-obertes-upc-manresa","status":"publish","type":"post","link":"https:\/\/agora.xtec.cat\/iesmiquelbosch\/general\/jornada-portes-obertes-upc-manresa\/","title":{"rendered":"Jornada Portes Obertes UPC Manresa"},"content":{"rendered":"<p>El passat 13 de febrer, la Universitat Polit\u00e8cnica de Catalunya va organitzar una Jornada de Portes Obertes a la seu de Manresa i els tecn\u00f2legs de 2n BTX van aprofitar per anar-hi. All\u00e0 van rebre informaci\u00f3 sobre els graus que s&#8217;hi imparteixen i van poder visitar les instal\u00b7lacions.<\/p>\n<p>Podeu veure m\u00e9s fotos a l&#8217;apartat habitual d&#8217;aquest web.<\/p>\n<p><a href=\"https:\/\/agora.xtec.cat\/iesmiquelbosch\/wp-content\/uploads\/usu626\/2020\/02\/20200212_123511.jpg\"><img loading=\"lazy\" decoding=\"async\" class=\"alignnone size-large wp-image-5304\" src=\"https:\/\/agora.xtec.cat\/iesmiquelbosch\/wp-content\/uploads\/usu626\/2020\/02\/20200212_123511-1024x768.jpg\" alt=\"\" width=\"1024\" height=\"768\" srcset=\"https:\/\/agora.xtec.cat\/iesmiquelbosch\/wp-content\/uploads\/usu626\/2020\/02\/20200212_123511-1024x768.jpg 1024w, https:\/\/agora.xtec.cat\/iesmiquelbosch\/wp-content\/uploads\/usu626\/2020\/02\/20200212_123511-300x225.jpg 300w, https:\/\/agora.xtec.cat\/iesmiquelbosch\/wp-content\/uploads\/usu626\/2020\/02\/20200212_123511-768x576.jpg 768w, https:\/\/agora.xtec.cat\/iesmiquelbosch\/wp-content\/uploads\/usu626\/2020\/02\/20200212_123511-200x150.jpg 200w\" sizes=\"auto, (max-width: 1024px) 100vw, 1024px\" \/><\/a><\/p>\n","protected":false},"excerpt":{"rendered":"<p>El passat 13 de febrer, la Universitat Polit\u00e8cnica de Catalunya va organitzar una Jornada de Portes Obertes a la seu de Manresa i els tecn\u00f2legs de 2n BTX van aprofitar per anar-hi. All\u00e0 van rebre informaci\u00f3 sobre els graus que s&#8217;hi imparteixen i van poder&hellip;  <a href=\"https:\/\/agora.xtec.cat\/iesmiquelbosch\/general\/jornada-portes-obertes-upc-manresa\/\" title=\"Read Jornada Portes Obertes UPC Manresa\">Llegeix m\u00e9s\u00bb<\/a><\/p>\n","protected":false},"author":1,"featured_media":5304,"comment_status":"open","ping_status":"closed","sticky":false,"template":"","format":"standard","meta":{"_bbp_topic_count":0,"_bbp_reply_count":0,"_bbp_total_topic_count":0,"_bbp_total_reply_count":0,"_bbp_voice_count":0,"_bbp_anonymous_reply_count":0,"_bbp_topic_count_hidden":0,"_bbp_reply_count_hidden":0,"_bbp_forum_subforum_count":0,"footnotes":""},"categories":[1],"tags":[],"class_list":["post-5305","post","type-post","status-publish","format-standard","has-post-thumbnail","hentry","category-general"],"post_mailing_queue_ids":[],"_links":{"self":[{"href":"https:\/\/agora.xtec.cat\/iesmiquelbosch\/wp-json\/wp\/v2\/posts\/5305","targetHints":{"allow":["GET"]}}],"collection":[{"href":"https:\/\/agora.xtec.cat\/iesmiquelbosch\/wp-json\/wp\/v2\/posts"}],"about":[{"href":"https:\/\/agora.xtec.cat\/iesmiquelbosch\/wp-json\/wp\/v2\/types\/post"}],"author":[{"embeddable":true,"href":"https:\/\/agora.xtec.cat\/iesmiquelbosch\/wp-json\/wp\/v2\/users\/1"}],"replies":[{"embeddable":true,"href":"https:\/\/agora.xtec.cat\/iesmiquelbosch\/wp-json\/wp\/v2\/comments?post=5305"}],"version-history":[{"count":1,"href":"https:\/\/agora.xtec.cat\/iesmiquelbosch\/wp-json\/wp\/v2\/posts\/5305\/revisions"}],"predecessor-version":[{"id":5306,"href":"https:\/\/agora.xtec.cat\/iesmiquelbosch\/wp-json\/wp\/v2\/posts\/5305\/revisions\/5306"}],"wp:featuredmedia":[{"embeddable":true,"href":"https:\/\/agora.xtec.cat\/iesmiquelbosch\/wp-json\/wp\/v2\/media\/5304"}],"wp:attachment":[{"href":"https:\/\/agora.xtec.cat\/iesmiquelbosch\/wp-json\/wp\/v2\/media?parent=5305"}],"wp:term":[{"taxonomy":"category","embeddable":true,"href":"https:\/\/agora.xtec.cat\/iesmiquelbosch\/wp-json\/wp\/v2\/categories?post=5305"},{"taxonomy":"post_tag","embeddable":true,"href":"https:\/\/agora.xtec.cat\/iesmiquelbosch\/wp-json\/wp\/v2\/tags?post=5305"}],"curies":[{"name":"wp","href":"https:\/\/api.w.org\/{rel}","templated":true}]}}