{"id":529,"date":"2010-11-20T18:13:31","date_gmt":"2010-11-20T17:13:31","guid":{"rendered":"http:\/\/agora.xtec.cat\/iesmiquelbosch\/general\/23-de-novembre-de-2010-eleccions-al-consell-escolar\/"},"modified":"2016-07-20T16:03:08","modified_gmt":"2016-07-20T15:03:08","slug":"23-de-novembre-de-2010-eleccions-al-consell-escolar","status":"publish","type":"post","link":"https:\/\/agora.xtec.cat\/iesmiquelbosch\/general\/23-de-novembre-de-2010-eleccions-al-consell-escolar\/","title":{"rendered":"23 de NOVEMBRE de 2010   ELECCIONS AL CONSELL ESCOLAR"},"content":{"rendered":"<p>El dimarts 23 de novembre hi ha convocades les eleccions per a la renovaci\u00f3 parcial de membres del Consell Escolar de l&#8217;Institut. Cal renovar :<\/p>\n<p>2&nbsp; membres del sector pares i mares&nbsp; (hi ha dues candidatures)<\/p>\n<p> 2&nbsp; membres del sector alumnes&nbsp;&nbsp; (hi ha cinc candidatures)<\/p>\n<p>1&nbsp; membre del Personal d&#8217;Administraci\u00f3 i Serveis (PAS)<\/p>\n<p> 3&nbsp; membres del Claustre de professors (hi ha 3 candidatures)<\/p>\n<p>L&#8217;horari per a l&#8217;elecci\u00f3 del sector pares i mares s&#8217;ha ampliat. Definitivament ser\u00e0 de les 14.30&#8242; fins a les 18.30&#8242; hores. La mesa electoral s&#8217;ubicar\u00e0 a la Biblioteca del centre.<\/p>\n<p>La mesa electoral per al sector alumnes romandr\u00e0 oberta d&#8217;&nbsp; 11 a 11.30&#8242; hores , de les 13.30&#8242; a les 13.45&#8242; hores (amb prioritat per a l&#8217;alumnat no resident a Art\u00e9s)&nbsp; i&nbsp; de&nbsp; les&nbsp; 17 a les 17.30&#8242; hores a l&#8217;aula de gu\u00e0rdia del pati porxat (per als alumnes residents a Art\u00e9s).<\/p>\n<p>Les candidatures presentades les trobareu exposades al tauler d&#8217;avisos i publicacions del centre.<\/p>\n<p><\/p>\n","protected":false},"excerpt":{"rendered":"<p>El dimarts 23 de novembre hi ha convocades les eleccions per a la renovaci\u00f3 parcial de membres del Consell Escolar de l&#8217;Institut. Cal renovar :<br \/>\n2&nbsp; membres del sector pares i mares&nbsp; (hi ha dues candidatures)<br \/>\n 2&nbsp; membres del sector alumnes&nbsp;&nbsp; (hi ha cinc candidatures)<br \/>\n1&nbsp; membre&hellip;  <a href=\"https:\/\/agora.xtec.cat\/iesmiquelbosch\/general\/23-de-novembre-de-2010-eleccions-al-consell-escolar\/\" title=\"Read 23 de NOVEMBRE de 2010   ELECCIONS AL CONSELL ESCOLAR\">Llegeix m\u00e9s\u00bb<\/a><\/p>\n","protected":false},"author":1,"featured_media":0,"comment_status":"open","ping_status":"open","sticky":false,"template":"","format":"standard","meta":{"_bbp_topic_count":0,"_bbp_reply_count":0,"_bbp_total_topic_count":0,"_bbp_total_reply_count":0,"_bbp_voice_count":0,"_bbp_anonymous_reply_count":0,"_bbp_topic_count_hidden":0,"_bbp_reply_count_hidden":0,"_bbp_forum_subforum_count":0,"footnotes":""},"categories":[1],"tags":[70,73],"class_list":["post-529","post","type-post","status-publish","format-standard","hentry","category-general","tag-intraweb","tag-noticies"],"post_mailing_queue_ids":[],"_links":{"self":[{"href":"https:\/\/agora.xtec.cat\/iesmiquelbosch\/wp-json\/wp\/v2\/posts\/529","targetHints":{"allow":["GET"]}}],"collection":[{"href":"https:\/\/agora.xtec.cat\/iesmiquelbosch\/wp-json\/wp\/v2\/posts"}],"about":[{"href":"https:\/\/agora.xtec.cat\/iesmiquelbosch\/wp-json\/wp\/v2\/types\/post"}],"author":[{"embeddable":true,"href":"https:\/\/agora.xtec.cat\/iesmiquelbosch\/wp-json\/wp\/v2\/users\/1"}],"replies":[{"embeddable":true,"href":"https:\/\/agora.xtec.cat\/iesmiquelbosch\/wp-json\/wp\/v2\/comments?post=529"}],"version-history":[{"count":1,"href":"https:\/\/agora.xtec.cat\/iesmiquelbosch\/wp-json\/wp\/v2\/posts\/529\/revisions"}],"predecessor-version":[{"id":1264,"href":"https:\/\/agora.xtec.cat\/iesmiquelbosch\/wp-json\/wp\/v2\/posts\/529\/revisions\/1264"}],"wp:attachment":[{"href":"https:\/\/agora.xtec.cat\/iesmiquelbosch\/wp-json\/wp\/v2\/media?parent=529"}],"wp:term":[{"taxonomy":"category","embeddable":true,"href":"https:\/\/agora.xtec.cat\/iesmiquelbosch\/wp-json\/wp\/v2\/categories?post=529"},{"taxonomy":"post_tag","embeddable":true,"href":"https:\/\/agora.xtec.cat\/iesmiquelbosch\/wp-json\/wp\/v2\/tags?post=529"}],"curies":[{"name":"wp","href":"https:\/\/api.w.org\/{rel}","templated":true}]}}