{"id":5202,"date":"2020-01-08T11:24:18","date_gmt":"2020-01-08T10:24:18","guid":{"rendered":"http:\/\/agora.xtec.cat\/iesmiquelbosch\/?p=5202"},"modified":"2020-01-08T14:34:42","modified_gmt":"2020-01-08T13:34:42","slug":"xvi-certamen-de-lectura-en-veu-alta","status":"publish","type":"post","link":"https:\/\/agora.xtec.cat\/iesmiquelbosch\/general\/xvi-certamen-de-lectura-en-veu-alta\/","title":{"rendered":"XVI CERTAMEN DE LECTURA EN VEU ALTA"},"content":{"rendered":"<p><a href=\"https:\/\/agora.xtec.cat\/iesmiquelbosch\/wp-content\/uploads\/usu626\/2020\/01\/Certament-veu-alta-19-20-foto.jpg\"><img loading=\"lazy\" decoding=\"async\" class=\"alignnone wp-image-5205\" src=\"https:\/\/agora.xtec.cat\/iesmiquelbosch\/wp-content\/uploads\/usu626\/2020\/01\/Certament-veu-alta-19-20-foto-1024x768.jpg\" alt=\"\" width=\"347\" height=\"260\" srcset=\"https:\/\/agora.xtec.cat\/iesmiquelbosch\/wp-content\/uploads\/usu626\/2020\/01\/Certament-veu-alta-19-20-foto.jpg 1024w, https:\/\/agora.xtec.cat\/iesmiquelbosch\/wp-content\/uploads\/usu626\/2020\/01\/Certament-veu-alta-19-20-foto-300x225.jpg 300w, https:\/\/agora.xtec.cat\/iesmiquelbosch\/wp-content\/uploads\/usu626\/2020\/01\/Certament-veu-alta-19-20-foto-768x576.jpg 768w, https:\/\/agora.xtec.cat\/iesmiquelbosch\/wp-content\/uploads\/usu626\/2020\/01\/Certament-veu-alta-19-20-foto-200x150.jpg 200w\" sizes=\"auto, (max-width: 347px) 100vw, 347px\" \/><\/a><\/p>\n<p>Els alumnes seleccionats, el dia 18 de mar\u00e7 de 2020 participaran en el XVI Certamen de Lectura en Veu Alta en la fase de quarts de final. Ser\u00e0 al Conservatori Municipal de M\u00fasica de Manresa, a les 10 del mat\u00ed.<\/p>\n<p>Donem les gr\u00e0cies a tots els alumnes que heu participat en el proc\u00e9s de selecci\u00f3 d&#8217;aquest Certamen.<\/p>\n<p>En aquest link veureu tots els participants:\u00a0 <a href=\"https:\/\/agora.xtec.cat\/iesmiquelbosch\/wp-content\/uploads\/usu626\/2020\/01\/XVI-Certamen-lectura-veu-alta-19-20.doc\">XVI Certamen lectura veu alta 19-20<\/a><\/p>\n","protected":false},"excerpt":{"rendered":"<p><a href=\"https:\/\/agora.xtec.cat\/iesmiquelbosch\/wp-content\/uploads\/usu626\/2020\/01\/Certament-veu-alta-19-20-foto.jpg\"><\/a><br \/>\nEls alumnes seleccionats, el dia 18 de mar\u00e7 de 2020 participaran en el XVI Certamen de Lectura en Veu Alta en la fase de quarts de final. Ser\u00e0 al Conservatori Municipal de M\u00fasica de Manresa, a les 10 del mat\u00ed.<br \/>\nDonem les gr\u00e0cies a tots&hellip;  <a href=\"https:\/\/agora.xtec.cat\/iesmiquelbosch\/general\/xvi-certamen-de-lectura-en-veu-alta\/\" title=\"Read XVI CERTAMEN DE LECTURA EN VEU ALTA\">Llegeix m\u00e9s\u00bb<\/a><\/p>\n","protected":false},"author":33,"featured_media":0,"comment_status":"open","ping_status":"closed","sticky":false,"template":"","format":"standard","meta":{"_bbp_topic_count":0,"_bbp_reply_count":0,"_bbp_total_topic_count":0,"_bbp_total_reply_count":0,"_bbp_voice_count":0,"_bbp_anonymous_reply_count":0,"_bbp_topic_count_hidden":0,"_bbp_reply_count_hidden":0,"_bbp_forum_subforum_count":0,"footnotes":""},"categories":[1],"tags":[],"class_list":["post-5202","post","type-post","status-publish","format-standard","hentry","category-general"],"post_mailing_queue_ids":[],"_links":{"self":[{"href":"https:\/\/agora.xtec.cat\/iesmiquelbosch\/wp-json\/wp\/v2\/posts\/5202","targetHints":{"allow":["GET"]}}],"collection":[{"href":"https:\/\/agora.xtec.cat\/iesmiquelbosch\/wp-json\/wp\/v2\/posts"}],"about":[{"href":"https:\/\/agora.xtec.cat\/iesmiquelbosch\/wp-json\/wp\/v2\/types\/post"}],"author":[{"embeddable":true,"href":"https:\/\/agora.xtec.cat\/iesmiquelbosch\/wp-json\/wp\/v2\/users\/33"}],"replies":[{"embeddable":true,"href":"https:\/\/agora.xtec.cat\/iesmiquelbosch\/wp-json\/wp\/v2\/comments?post=5202"}],"version-history":[{"count":2,"href":"https:\/\/agora.xtec.cat\/iesmiquelbosch\/wp-json\/wp\/v2\/posts\/5202\/revisions"}],"predecessor-version":[{"id":5206,"href":"https:\/\/agora.xtec.cat\/iesmiquelbosch\/wp-json\/wp\/v2\/posts\/5202\/revisions\/5206"}],"wp:attachment":[{"href":"https:\/\/agora.xtec.cat\/iesmiquelbosch\/wp-json\/wp\/v2\/media?parent=5202"}],"wp:term":[{"taxonomy":"category","embeddable":true,"href":"https:\/\/agora.xtec.cat\/iesmiquelbosch\/wp-json\/wp\/v2\/categories?post=5202"},{"taxonomy":"post_tag","embeddable":true,"href":"https:\/\/agora.xtec.cat\/iesmiquelbosch\/wp-json\/wp\/v2\/tags?post=5202"}],"curies":[{"name":"wp","href":"https:\/\/api.w.org\/{rel}","templated":true}]}}