{"id":514,"date":"2010-09-27T14:38:10","date_gmt":"2010-09-27T13:38:10","guid":{"rendered":"http:\/\/agora.xtec.cat\/iesmiquelbosch\/general\/vaga-general-convocada-per-al-dimecres-29-de-setembre\/"},"modified":"2016-07-20T16:03:07","modified_gmt":"2016-07-20T15:03:07","slug":"vaga-general-convocada-per-al-dimecres-29-de-setembre","status":"publish","type":"post","link":"https:\/\/agora.xtec.cat\/iesmiquelbosch\/general\/vaga-general-convocada-per-al-dimecres-29-de-setembre\/","title":{"rendered":"VAGA GENERAL CONVOCADA PER AL DIMECRES 29 DE SETEMBRE"},"content":{"rendered":"<p align=\"center\"><font color=\"#00d245\" size=\"5\" face=\"arial,helvetica,sans-serif\"><strong>Vaga general convocada per al dimecres 29 de setembre<\/strong><\/font><\/p>\n<p align=\"justify\"><font color=\"#00d245\" size=\"4\" face=\"arial,helvetica,sans-serif\">En relaci\u00f3 a la vaga convocada per dimecres vinent, la direcci\u00f3 d&#8217;aquest institut vol assabentar les fam\u00edlies dels seg\u00fcents punts:<\/p>\n<p>1.&nbsp;&nbsp; Ara per ara, \u00e9s previsible que una gran majoria de professors i professores no secundin la vaga i, per tant, assisteixin amb normalitat a l&#8217;institut.<\/font><\/p>\n<p align=\"justify\"><font color=\"#00d245\" size=\"4\" face=\"arial,helvetica,sans-serif\">2.&nbsp;&nbsp; El Consell de Delegats ha decidit adherir-se a la convocat\u00f2ria de vaga. Aquesta decisi\u00f3 afecta l&#8217;alumnat de 3r i 4t d&#8217;ESO i 1r i 2n de BTX. Els alumnes que ho decideixin poden assistir amb normalitat a les classes. Els que no assisteixin han de portar signada una autoritzaci\u00f3 paterna per tal de considerar la falta com a justificada. Trobareu un model d&#8217;autoritzaci\u00f3 clicant <\/font><a href=\"\/iesmiquelbosch\/intranet\/index.php?module=Downloads&amp;func=prep_hand_out&amp;lid=154\" target=\"_blank\"><font color=\"#00d245\" size=\"4\" face=\"arial,helvetica,sans-serif\"><strong>aqu\u00ed<\/strong> .<\/font><\/a><\/p>\n<p align=\"justify\"><font color=\"#00d245\" size=\"4\" face=\"arial,helvetica,sans-serif\">3.&nbsp;&nbsp;&nbsp; Cal lliurar les autoritzacions al tutor o a la tutora entre els dies 28 i 30 de setembre, ambd\u00f3s inclosos.&nbsp;<\/font><\/p>\n<p align=\"justify\"><font color=\"#00d245\" size=\"4\" face=\"arial,helvetica,sans-serif\">4.&nbsp;&nbsp;&nbsp; Cal remarcar que els i les alumnes de 1r i 2n d&#8217; ESO no tenen dret a fer vaga. Conseg\u00fcentment, han d&#8217;assistir al centre amb completa normalitat. La no assist\u00e8ncia ser\u00e0 considerada, per defecte, com una falta injustificada.<\/font><\/p>\n<p align=\"justify\"><font color=\"#00d245\" size=\"4\" face=\"arial,helvetica,sans-serif\">5.&nbsp;&nbsp; L&#8217;empresa Transports Castell\u00e0 ens ha informat que NO OFERIR\u00c0 SERVEI DE TRANSPORT ESCOLAR aquest proper dimecres.<\/font><\/p>\n","protected":false},"excerpt":{"rendered":"<p>Vaga general convocada per al dimecres 29 de setembre<br \/>\nEn relaci\u00f3 a la vaga convocada per dimecres vinent, la direcci\u00f3 d&#8217;aquest institut vol assabentar les fam\u00edlies dels seg\u00fcents punts:<br \/>\n1.&nbsp;&nbsp; Ara per ara, \u00e9s previsible que una gran majoria de professors i professores no secundin la vaga&hellip;  <a href=\"https:\/\/agora.xtec.cat\/iesmiquelbosch\/general\/vaga-general-convocada-per-al-dimecres-29-de-setembre\/\" title=\"Read VAGA GENERAL CONVOCADA PER AL DIMECRES 29 DE SETEMBRE\">Llegeix m\u00e9s\u00bb<\/a><\/p>\n","protected":false},"author":1,"featured_media":0,"comment_status":"open","ping_status":"open","sticky":false,"template":"","format":"standard","meta":{"_bbp_topic_count":0,"_bbp_reply_count":0,"_bbp_total_topic_count":0,"_bbp_total_reply_count":0,"_bbp_voice_count":0,"_bbp_anonymous_reply_count":0,"_bbp_topic_count_hidden":0,"_bbp_reply_count_hidden":0,"_bbp_forum_subforum_count":0,"footnotes":""},"categories":[1],"tags":[70,73],"class_list":["post-514","post","type-post","status-publish","format-standard","hentry","category-general","tag-intraweb","tag-noticies"],"post_mailing_queue_ids":[],"_links":{"self":[{"href":"https:\/\/agora.xtec.cat\/iesmiquelbosch\/wp-json\/wp\/v2\/posts\/514","targetHints":{"allow":["GET"]}}],"collection":[{"href":"https:\/\/agora.xtec.cat\/iesmiquelbosch\/wp-json\/wp\/v2\/posts"}],"about":[{"href":"https:\/\/agora.xtec.cat\/iesmiquelbosch\/wp-json\/wp\/v2\/types\/post"}],"author":[{"embeddable":true,"href":"https:\/\/agora.xtec.cat\/iesmiquelbosch\/wp-json\/wp\/v2\/users\/1"}],"replies":[{"embeddable":true,"href":"https:\/\/agora.xtec.cat\/iesmiquelbosch\/wp-json\/wp\/v2\/comments?post=514"}],"version-history":[{"count":1,"href":"https:\/\/agora.xtec.cat\/iesmiquelbosch\/wp-json\/wp\/v2\/posts\/514\/revisions"}],"predecessor-version":[{"id":1249,"href":"https:\/\/agora.xtec.cat\/iesmiquelbosch\/wp-json\/wp\/v2\/posts\/514\/revisions\/1249"}],"wp:attachment":[{"href":"https:\/\/agora.xtec.cat\/iesmiquelbosch\/wp-json\/wp\/v2\/media?parent=514"}],"wp:term":[{"taxonomy":"category","embeddable":true,"href":"https:\/\/agora.xtec.cat\/iesmiquelbosch\/wp-json\/wp\/v2\/categories?post=514"},{"taxonomy":"post_tag","embeddable":true,"href":"https:\/\/agora.xtec.cat\/iesmiquelbosch\/wp-json\/wp\/v2\/tags?post=514"}],"curies":[{"name":"wp","href":"https:\/\/api.w.org\/{rel}","templated":true}]}}