{"id":5024,"date":"2019-10-15T11:14:42","date_gmt":"2019-10-15T09:14:42","guid":{"rendered":"http:\/\/agora.xtec.cat\/iesmiquelbosch\/?p=5024"},"modified":"2019-10-15T11:14:42","modified_gmt":"2019-10-15T09:14:42","slug":"vaga-dalumnes-16-17-i-18-d0ctubre-2019","status":"publish","type":"post","link":"https:\/\/agora.xtec.cat\/iesmiquelbosch\/general\/vaga-dalumnes-16-17-i-18-d0ctubre-2019\/","title":{"rendered":"VAGA D&#8217;ALUMNES  16, 17 i 18 D&#8217;0CTUBRE 2019"},"content":{"rendered":"<p>El Sindicat d&#8217;Estudiants ha convocat una vaga per als dies 16, 17 i 18 d&#8217;octubre, a la qual s&#8217;hi ha sol\u00b7licitat d&#8217;adherir-s&#8217;hi l&#8217;alumnat de 3r i 4t d&#8217;ESO i Batxillerat de l&#8217;institut.<\/p>\n<p>At\u00e8s que la comunicaci\u00f3 d&#8217;adhesi\u00f3 a la vaga s&#8217;ha fet d&#8217;acord amb el protocol de l&#8217;institut, les faltes d&#8217;assist\u00e8ncia per aquest motiu seran justificades, sempre i quan hagin portat un escrit de conformitat dels seus pares o tutors legals.<\/p>\n<p>El centre garanteix el dret de l&#8217;alumnat que vol assistir a classe.<\/p>\n<p>Recordem que l&#8217;alumnat de 1r i 2n d&#8217;ESO no t\u00e9 dret a vaga.<\/p>\n<p>&nbsp;<\/p>\n","protected":false},"excerpt":{"rendered":"<p>El Sindicat d&#8217;Estudiants ha convocat una vaga per als dies 16, 17 i 18 d&#8217;octubre, a la qual s&#8217;hi ha sol\u00b7licitat d&#8217;adherir-s&#8217;hi l&#8217;alumnat de 3r i 4t d&#8217;ESO i Batxillerat de l&#8217;institut.<br \/>\nAt\u00e8s que la comunicaci\u00f3 d&#8217;adhesi\u00f3 a la vaga s&#8217;ha fet d&#8217;acord amb el protocol&hellip;  <a href=\"https:\/\/agora.xtec.cat\/iesmiquelbosch\/general\/vaga-dalumnes-16-17-i-18-d0ctubre-2019\/\" title=\"Read VAGA D&#8217;ALUMNES  16, 17 i 18 D&#8217;0CTUBRE 2019\">Llegeix m\u00e9s\u00bb<\/a><\/p>\n","protected":false},"author":33,"featured_media":0,"comment_status":"open","ping_status":"closed","sticky":false,"template":"","format":"standard","meta":{"_bbp_topic_count":0,"_bbp_reply_count":0,"_bbp_total_topic_count":0,"_bbp_total_reply_count":0,"_bbp_voice_count":0,"_bbp_anonymous_reply_count":0,"_bbp_topic_count_hidden":0,"_bbp_reply_count_hidden":0,"_bbp_forum_subforum_count":0,"footnotes":""},"categories":[1],"tags":[],"class_list":["post-5024","post","type-post","status-publish","format-standard","hentry","category-general"],"post_mailing_queue_ids":[],"_links":{"self":[{"href":"https:\/\/agora.xtec.cat\/iesmiquelbosch\/wp-json\/wp\/v2\/posts\/5024","targetHints":{"allow":["GET"]}}],"collection":[{"href":"https:\/\/agora.xtec.cat\/iesmiquelbosch\/wp-json\/wp\/v2\/posts"}],"about":[{"href":"https:\/\/agora.xtec.cat\/iesmiquelbosch\/wp-json\/wp\/v2\/types\/post"}],"author":[{"embeddable":true,"href":"https:\/\/agora.xtec.cat\/iesmiquelbosch\/wp-json\/wp\/v2\/users\/33"}],"replies":[{"embeddable":true,"href":"https:\/\/agora.xtec.cat\/iesmiquelbosch\/wp-json\/wp\/v2\/comments?post=5024"}],"version-history":[{"count":1,"href":"https:\/\/agora.xtec.cat\/iesmiquelbosch\/wp-json\/wp\/v2\/posts\/5024\/revisions"}],"predecessor-version":[{"id":5025,"href":"https:\/\/agora.xtec.cat\/iesmiquelbosch\/wp-json\/wp\/v2\/posts\/5024\/revisions\/5025"}],"wp:attachment":[{"href":"https:\/\/agora.xtec.cat\/iesmiquelbosch\/wp-json\/wp\/v2\/media?parent=5024"}],"wp:term":[{"taxonomy":"category","embeddable":true,"href":"https:\/\/agora.xtec.cat\/iesmiquelbosch\/wp-json\/wp\/v2\/categories?post=5024"},{"taxonomy":"post_tag","embeddable":true,"href":"https:\/\/agora.xtec.cat\/iesmiquelbosch\/wp-json\/wp\/v2\/tags?post=5024"}],"curies":[{"name":"wp","href":"https:\/\/api.w.org\/{rel}","templated":true}]}}