{"id":497,"date":"2010-07-16T10:18:13","date_gmt":"2010-07-16T09:18:13","guid":{"rendered":"http:\/\/agora.xtec.cat\/iesmiquelbosch\/general\/nova-empresa-de-menjador-escolar\/"},"modified":"2016-07-20T16:03:06","modified_gmt":"2016-07-20T15:03:06","slug":"nova-empresa-de-menjador-escolar","status":"publish","type":"post","link":"https:\/\/agora.xtec.cat\/iesmiquelbosch\/general\/nova-empresa-de-menjador-escolar\/","title":{"rendered":"NOVA EMPRESA DE MENJADOR ESCOLAR"},"content":{"rendered":"<p align=\"center\"><font color=\"#4900e1\" size=\"5\" face=\"arial,helvetica,sans-serif\"><strong>Nova empresa de menjador escolar<\/strong><\/font>\n<\/p>\n<p><font color=\"#4900e1\" size=\"4\" face=\"arial,helvetica,sans-serif\">Ja coneixem la nova empresa que realitzar\u00e0 el servei de menjador escolar a l&#8217;institut d&#8217;Art\u00e9s el proper curs i els seg\u00fcents. <\/font>\n<\/p>\n<p><font color=\"#4900e1\" size=\"4\" face=\"arial,helvetica,sans-serif\">El nom de l&#8217;empresa \u00e9s&nbsp; FRESCOOP&nbsp; CONSOP,&nbsp; la qual ha optat per cuinar els dinars<em> in situ<\/em> per abastir l&#8217;alumnat d&#8217;ESO amb dret a menjador i aquells professors, personal&nbsp;no docent o altres alumnes que vulguin quedar-s&#8217;hi.<\/font>\n<\/p>\n<p><font color=\"#4900e1\" size=\"4\" face=\"arial,helvetica,sans-serif\">L&#8217;empresa far\u00e0 una inversi\u00f3 inicial en remodelaci\u00f3 i adequaci\u00f3 de les instal\u00b7lacions de la nostra cuina al llarg d&#8217;aquest estiu. <\/font>\n<\/p>\n<p><\/p>\n","protected":false},"excerpt":{"rendered":"<p>Nova empresa de menjador escolar<\/p>\n<p>Ja coneixem la nova empresa que realitzar\u00e0 el servei de menjador escolar a l&#8217;institut d&#8217;Art\u00e9s el proper curs i els seg\u00fcents. <\/p>\n<p>El nom de l&#8217;empresa \u00e9s&nbsp; FRESCOOP&nbsp; CONSOP,&nbsp; la qual ha optat per cuinar els dinars in situ per abastir l&#8217;alumnat&hellip;  <a href=\"https:\/\/agora.xtec.cat\/iesmiquelbosch\/general\/nova-empresa-de-menjador-escolar\/\" title=\"Read NOVA EMPRESA DE MENJADOR ESCOLAR\">Llegeix m\u00e9s\u00bb<\/a><\/p>\n","protected":false},"author":1,"featured_media":0,"comment_status":"open","ping_status":"open","sticky":false,"template":"","format":"standard","meta":{"_bbp_topic_count":0,"_bbp_reply_count":0,"_bbp_total_topic_count":0,"_bbp_total_reply_count":0,"_bbp_voice_count":0,"_bbp_anonymous_reply_count":0,"_bbp_topic_count_hidden":0,"_bbp_reply_count_hidden":0,"_bbp_forum_subforum_count":0,"footnotes":""},"categories":[1],"tags":[70,73],"class_list":["post-497","post","type-post","status-publish","format-standard","hentry","category-general","tag-intraweb","tag-noticies"],"post_mailing_queue_ids":[],"_links":{"self":[{"href":"https:\/\/agora.xtec.cat\/iesmiquelbosch\/wp-json\/wp\/v2\/posts\/497","targetHints":{"allow":["GET"]}}],"collection":[{"href":"https:\/\/agora.xtec.cat\/iesmiquelbosch\/wp-json\/wp\/v2\/posts"}],"about":[{"href":"https:\/\/agora.xtec.cat\/iesmiquelbosch\/wp-json\/wp\/v2\/types\/post"}],"author":[{"embeddable":true,"href":"https:\/\/agora.xtec.cat\/iesmiquelbosch\/wp-json\/wp\/v2\/users\/1"}],"replies":[{"embeddable":true,"href":"https:\/\/agora.xtec.cat\/iesmiquelbosch\/wp-json\/wp\/v2\/comments?post=497"}],"version-history":[{"count":1,"href":"https:\/\/agora.xtec.cat\/iesmiquelbosch\/wp-json\/wp\/v2\/posts\/497\/revisions"}],"predecessor-version":[{"id":1235,"href":"https:\/\/agora.xtec.cat\/iesmiquelbosch\/wp-json\/wp\/v2\/posts\/497\/revisions\/1235"}],"wp:attachment":[{"href":"https:\/\/agora.xtec.cat\/iesmiquelbosch\/wp-json\/wp\/v2\/media?parent=497"}],"wp:term":[{"taxonomy":"category","embeddable":true,"href":"https:\/\/agora.xtec.cat\/iesmiquelbosch\/wp-json\/wp\/v2\/categories?post=497"},{"taxonomy":"post_tag","embeddable":true,"href":"https:\/\/agora.xtec.cat\/iesmiquelbosch\/wp-json\/wp\/v2\/tags?post=497"}],"curies":[{"name":"wp","href":"https:\/\/api.w.org\/{rel}","templated":true}]}}