{"id":493,"date":"2010-07-02T22:49:15","date_gmt":"2010-07-02T21:49:15","guid":{"rendered":"http:\/\/agora.xtec.cat\/iesmiquelbosch\/general\/fotos-viatge-4t-eso\/"},"modified":"2016-07-20T16:03:06","modified_gmt":"2016-07-20T15:03:06","slug":"fotos-viatge-4t-eso","status":"publish","type":"post","link":"https:\/\/agora.xtec.cat\/iesmiquelbosch\/general\/fotos-viatge-4t-eso\/","title":{"rendered":"Fotos viatge 4t ESO"},"content":{"rendered":"<p align=\"center\"><strong><font color=\"#009632\" size=\"5\" face=\"arial,helvetica,sans-serif\">Fotos viatge 4t d&#8217;ESO a It\u00e0lia<\/font> <\/strong>\n<\/p>\n<p><font face=\"arial,helvetica,sans-serif\"><font size=\"4\"><font color=\"#009632\">Ja podeu veure unes quantes fotos del viatge a It\u00e0lia, clicant sobre la imatge de la c\u00e0mera fotogr\u00e0fica que hi ha a la part superior dreta d&#8217;aquesta p\u00e0gina web. Llavors accedireu a tots els \u00e0lbums que hi ha creats en l&#8217;actualitat i heu de clicar sobre el que s&#8217;anomena <em>Viatge 4t d&#8217;ESO a It\u00e0lia.<\/em><\/font><\/font><\/font>\n<\/p>\n<p><font color=\"#009632\" size=\"4\" face=\"arial,helvetica,sans-serif\">De moment hi ha les fotos proporcionades pels professors que van anar al viatge i per la Marta Ciur\u00f3, alumna de 4t d&#8217;ESO. Gr\u00e0cies, fot\u00f2grafs.<\/font>\n<\/p>\n<p><font color=\"#009632\" size=\"4\" face=\"arial,helvetica,sans-serif\">Recordeu que si teniu m\u00e9s fotos ens les podeu fer arribar a trav\u00e9s d&#8217;un formulari, clicant <a href=\"\/iesmiquelbosch\/intranet\/index.php?module=IWForms&amp;func=new&amp;fid=11\" target=\"_blank\"><font color=\"#abff00\">aqu\u00ed<\/font><\/a>.<\/font><\/p>\n","protected":false},"excerpt":{"rendered":"<p>Fotos viatge 4t d&#8217;ESO a It\u00e0lia <\/p>\n<p>Ja podeu veure unes quantes fotos del viatge a It\u00e0lia, clicant sobre la imatge de la c\u00e0mera fotogr\u00e0fica que hi ha a la part superior dreta d&#8217;aquesta p\u00e0gina web. Llavors accedireu a tots els \u00e0lbums que hi ha creats&hellip;  <a href=\"https:\/\/agora.xtec.cat\/iesmiquelbosch\/general\/fotos-viatge-4t-eso\/\" title=\"Read Fotos viatge 4t ESO\">Llegeix m\u00e9s\u00bb<\/a><\/p>\n","protected":false},"author":4,"featured_media":0,"comment_status":"open","ping_status":"open","sticky":false,"template":"","format":"standard","meta":{"_bbp_topic_count":0,"_bbp_reply_count":0,"_bbp_total_topic_count":0,"_bbp_total_reply_count":0,"_bbp_voice_count":0,"_bbp_anonymous_reply_count":0,"_bbp_topic_count_hidden":0,"_bbp_reply_count_hidden":0,"_bbp_forum_subforum_count":0,"footnotes":""},"categories":[1],"tags":[70,73],"class_list":["post-493","post","type-post","status-publish","format-standard","hentry","category-general","tag-intraweb","tag-noticies"],"post_mailing_queue_ids":[],"_links":{"self":[{"href":"https:\/\/agora.xtec.cat\/iesmiquelbosch\/wp-json\/wp\/v2\/posts\/493","targetHints":{"allow":["GET"]}}],"collection":[{"href":"https:\/\/agora.xtec.cat\/iesmiquelbosch\/wp-json\/wp\/v2\/posts"}],"about":[{"href":"https:\/\/agora.xtec.cat\/iesmiquelbosch\/wp-json\/wp\/v2\/types\/post"}],"author":[{"embeddable":true,"href":"https:\/\/agora.xtec.cat\/iesmiquelbosch\/wp-json\/wp\/v2\/users\/4"}],"replies":[{"embeddable":true,"href":"https:\/\/agora.xtec.cat\/iesmiquelbosch\/wp-json\/wp\/v2\/comments?post=493"}],"version-history":[{"count":1,"href":"https:\/\/agora.xtec.cat\/iesmiquelbosch\/wp-json\/wp\/v2\/posts\/493\/revisions"}],"predecessor-version":[{"id":1231,"href":"https:\/\/agora.xtec.cat\/iesmiquelbosch\/wp-json\/wp\/v2\/posts\/493\/revisions\/1231"}],"wp:attachment":[{"href":"https:\/\/agora.xtec.cat\/iesmiquelbosch\/wp-json\/wp\/v2\/media?parent=493"}],"wp:term":[{"taxonomy":"category","embeddable":true,"href":"https:\/\/agora.xtec.cat\/iesmiquelbosch\/wp-json\/wp\/v2\/categories?post=493"},{"taxonomy":"post_tag","embeddable":true,"href":"https:\/\/agora.xtec.cat\/iesmiquelbosch\/wp-json\/wp\/v2\/tags?post=493"}],"curies":[{"name":"wp","href":"https:\/\/api.w.org\/{rel}","templated":true}]}}