{"id":488,"date":"2010-06-23T12:17:58","date_gmt":"2010-06-23T11:17:58","guid":{"rendered":"http:\/\/agora.xtec.cat\/iesmiquelbosch\/general\/fotografies-viatge-4t-deso\/"},"modified":"2016-07-20T16:03:06","modified_gmt":"2016-07-20T15:03:06","slug":"fotografies-viatge-4t-deso","status":"publish","type":"post","link":"https:\/\/agora.xtec.cat\/iesmiquelbosch\/general\/fotografies-viatge-4t-deso\/","title":{"rendered":"Fotografies viatge 4t d&#8217;ESO"},"content":{"rendered":"<p align=\"center\"><font color=\"#ff5500\"><span lang=\"CA\"><font size=\"4\" face=\"Arial\"><strong>Viatge 4t d\u2019ESO a It\u00e0lia<\/strong><\/font><\/span> <\/font>\n<\/p>\n<p align=\"justify\"><font color=\"#ff5500\"><span lang=\"CA\"><font size=\"4\" face=\"Arial\">Hem obert dos formularis perqu\u00e8 pugueu fer-nos arribar les fotografies que heu fet durant el viatge:<\/font><\/span> <\/font>\n<\/p>\n<p align=\"justify\"><span lang=\"CA\"><font face=\"Arial\"><font size=\"4\"><font color=\"#ff5500\">Les fotos que ens envieu mitjan\u00e7ant el formulari Fotos viatge 4t d\u2019ESO les penjarem a l\u2019\u00e0lbum de fotos de la web del centre. Per veure els \u00e0lbums que ja tenim creats, heu de clicar sobre la imatge de la c\u00e0mera de fotos que hi ha a la part superior dreta de la web. Per enviar-nos les fotos, heu de clicar <\/font><a href=\"\/iesmiquelbosch\/intranet\/index.php?module=IWForms&amp;func=new&amp;fid=11\" target=\"_blank\"><strong><font color=\"#000000\">aqu\u00ed<\/font><\/strong><\/a><font color=\"#ff5500\">.<span>&nbsp; <\/span><\/font><\/font><\/font><\/span>\n<\/p>\n<p align=\"justify\"><span lang=\"CA\"><font size=\"4\" face=\"Arial\"><font color=\"#ff5500\">Addicionalment, volem enviar a l\u2019ag\u00e8ncia de viatges algunes de les fotografies per participar en un concurs que ells organitzen (podeu consultar les seves bases <\/font><a href=\"http:\/\/www.viajescumlaude.es\/es\/index.php?option=com_content&amp;view=article&amp;id=129&amp;Itemid=65\" target=\"_blank\"><strong><font color=\"#000000\">aqu\u00ed<\/font><\/strong><\/a><font color=\"#ff5500\">). Una de les condicions del concurs \u00e9s que sortiu amb les motxilles de Cum Laude. Com volen tel\u00e8fon i e-mail de contacte, hem incl\u00f2s aquestes dades al formulari Fotos viatge 4t d\u2019ESO ag\u00e8ncia (tingueu present que ning\u00fa<span>&nbsp; <\/span>pot veure les vostres dades personals).&nbsp;Per accedir a aquest formulari, cliqueu <\/font><a href=\"\/iesmiquelbosch\/intranet\/index.php?module=IWForms&amp;func=new&amp;fid=10\" target=\"_blank\"><strong><font color=\"#000000\">aqu\u00ed<\/font><\/strong><\/a><font color=\"#ff5500\"><strong><font color=\"#000000\">.<\/font><\/strong> <\/font><\/font><\/span>\n<\/p>\n<p align=\"justify\"><font color=\"#ff5500\"><span lang=\"CA\"><font size=\"4\" face=\"Arial\">Esperem les vostres fotos!<\/font><\/span> <\/font><\/p>\n","protected":false},"excerpt":{"rendered":"<p>Viatge 4t d\u2019ESO a It\u00e0lia <\/p>\n<p>Hem obert dos formularis perqu\u00e8 pugueu fer-nos arribar les fotografies que heu fet durant el viatge: <\/p>\n<p>Les fotos que ens envieu mitjan\u00e7ant el formulari Fotos viatge 4t d\u2019ESO les penjarem a l\u2019\u00e0lbum de fotos de la web del centre. Per&hellip;  <a href=\"https:\/\/agora.xtec.cat\/iesmiquelbosch\/general\/fotografies-viatge-4t-deso\/\" title=\"Read Fotografies viatge 4t d&#8217;ESO\">Llegeix m\u00e9s\u00bb<\/a><\/p>\n","protected":false},"author":4,"featured_media":0,"comment_status":"open","ping_status":"open","sticky":false,"template":"","format":"standard","meta":{"_bbp_topic_count":0,"_bbp_reply_count":0,"_bbp_total_topic_count":0,"_bbp_total_reply_count":0,"_bbp_voice_count":0,"_bbp_anonymous_reply_count":0,"_bbp_topic_count_hidden":0,"_bbp_reply_count_hidden":0,"_bbp_forum_subforum_count":0,"footnotes":""},"categories":[1],"tags":[70,73],"class_list":["post-488","post","type-post","status-publish","format-standard","hentry","category-general","tag-intraweb","tag-noticies"],"post_mailing_queue_ids":[],"_links":{"self":[{"href":"https:\/\/agora.xtec.cat\/iesmiquelbosch\/wp-json\/wp\/v2\/posts\/488","targetHints":{"allow":["GET"]}}],"collection":[{"href":"https:\/\/agora.xtec.cat\/iesmiquelbosch\/wp-json\/wp\/v2\/posts"}],"about":[{"href":"https:\/\/agora.xtec.cat\/iesmiquelbosch\/wp-json\/wp\/v2\/types\/post"}],"author":[{"embeddable":true,"href":"https:\/\/agora.xtec.cat\/iesmiquelbosch\/wp-json\/wp\/v2\/users\/4"}],"replies":[{"embeddable":true,"href":"https:\/\/agora.xtec.cat\/iesmiquelbosch\/wp-json\/wp\/v2\/comments?post=488"}],"version-history":[{"count":1,"href":"https:\/\/agora.xtec.cat\/iesmiquelbosch\/wp-json\/wp\/v2\/posts\/488\/revisions"}],"predecessor-version":[{"id":1228,"href":"https:\/\/agora.xtec.cat\/iesmiquelbosch\/wp-json\/wp\/v2\/posts\/488\/revisions\/1228"}],"wp:attachment":[{"href":"https:\/\/agora.xtec.cat\/iesmiquelbosch\/wp-json\/wp\/v2\/media?parent=488"}],"wp:term":[{"taxonomy":"category","embeddable":true,"href":"https:\/\/agora.xtec.cat\/iesmiquelbosch\/wp-json\/wp\/v2\/categories?post=488"},{"taxonomy":"post_tag","embeddable":true,"href":"https:\/\/agora.xtec.cat\/iesmiquelbosch\/wp-json\/wp\/v2\/tags?post=488"}],"curies":[{"name":"wp","href":"https:\/\/api.w.org\/{rel}","templated":true}]}}