{"id":487,"date":"2010-06-22T13:41:28","date_gmt":"2010-06-22T12:41:28","guid":{"rendered":"http:\/\/agora.xtec.cat\/iesmiquelbosch\/general\/sortida-port-aventura-3r-deso\/"},"modified":"2016-07-20T16:03:06","modified_gmt":"2016-07-20T15:03:06","slug":"sortida-port-aventura-3r-deso","status":"publish","type":"post","link":"https:\/\/agora.xtec.cat\/iesmiquelbosch\/general\/sortida-port-aventura-3r-deso\/","title":{"rendered":"Sortida Port Aventura 3r d&#8217;ESO"},"content":{"rendered":"<p style=\"color: rgb(167, 0, 255);\" align=\"center\"><font size=\"5\"><strong><font face=\"arial,helvetica,sans-serif\">Fotografies sortida a Port Aventura 3r d&#8217;ESO<\/font><\/strong><\/font>\n<\/p>\n<p><font style=\"color: rgb(167, 0, 255);\" face=\"arial,helvetica,sans-serif\" size=\"3\">Podeu accedir a les fotografies de la sortida de Port Aventura de 3r d&#8217;ESO si cliqueu sobre la imatge de la c\u00e0mera fotogr\u00e0fica que apareix a la part superior dreta d&#8217;aquesta p\u00e0gina web. <\/font><br \/>\n  <\/p>\n","protected":false},"excerpt":{"rendered":"<p>Fotografies sortida a Port Aventura 3r d&#8217;ESO<\/p>\n<p>Podeu accedir a les fotografies de la sortida de Port Aventura de 3r d&#8217;ESO si cliqueu sobre la imatge de la c\u00e0mera fotogr\u00e0fica que apareix a la part superior dreta d&#8217;aquesta p\u00e0gina web. <\/p>\n","protected":false},"author":4,"featured_media":0,"comment_status":"open","ping_status":"open","sticky":false,"template":"","format":"standard","meta":{"_bbp_topic_count":0,"_bbp_reply_count":0,"_bbp_total_topic_count":0,"_bbp_total_reply_count":0,"_bbp_voice_count":0,"_bbp_anonymous_reply_count":0,"_bbp_topic_count_hidden":0,"_bbp_reply_count_hidden":0,"_bbp_forum_subforum_count":0,"footnotes":""},"categories":[1],"tags":[70,73],"class_list":["post-487","post","type-post","status-publish","format-standard","hentry","category-general","tag-intraweb","tag-noticies"],"post_mailing_queue_ids":[],"_links":{"self":[{"href":"https:\/\/agora.xtec.cat\/iesmiquelbosch\/wp-json\/wp\/v2\/posts\/487","targetHints":{"allow":["GET"]}}],"collection":[{"href":"https:\/\/agora.xtec.cat\/iesmiquelbosch\/wp-json\/wp\/v2\/posts"}],"about":[{"href":"https:\/\/agora.xtec.cat\/iesmiquelbosch\/wp-json\/wp\/v2\/types\/post"}],"author":[{"embeddable":true,"href":"https:\/\/agora.xtec.cat\/iesmiquelbosch\/wp-json\/wp\/v2\/users\/4"}],"replies":[{"embeddable":true,"href":"https:\/\/agora.xtec.cat\/iesmiquelbosch\/wp-json\/wp\/v2\/comments?post=487"}],"version-history":[{"count":1,"href":"https:\/\/agora.xtec.cat\/iesmiquelbosch\/wp-json\/wp\/v2\/posts\/487\/revisions"}],"predecessor-version":[{"id":1227,"href":"https:\/\/agora.xtec.cat\/iesmiquelbosch\/wp-json\/wp\/v2\/posts\/487\/revisions\/1227"}],"wp:attachment":[{"href":"https:\/\/agora.xtec.cat\/iesmiquelbosch\/wp-json\/wp\/v2\/media?parent=487"}],"wp:term":[{"taxonomy":"category","embeddable":true,"href":"https:\/\/agora.xtec.cat\/iesmiquelbosch\/wp-json\/wp\/v2\/categories?post=487"},{"taxonomy":"post_tag","embeddable":true,"href":"https:\/\/agora.xtec.cat\/iesmiquelbosch\/wp-json\/wp\/v2\/tags?post=487"}],"curies":[{"name":"wp","href":"https:\/\/api.w.org\/{rel}","templated":true}]}}