{"id":4836,"date":"2019-07-22T14:14:16","date_gmt":"2019-07-22T12:14:16","guid":{"rendered":"http:\/\/agora.xtec.cat\/iesmiquelbosch\/?p=4836"},"modified":"2019-07-22T14:15:12","modified_gmt":"2019-07-22T12:15:12","slug":"informacions-inici-de-curs-2019-20","status":"publish","type":"post","link":"https:\/\/agora.xtec.cat\/iesmiquelbosch\/general\/informacions-inici-de-curs-2019-20\/","title":{"rendered":"INFORMACIONS INICI DE CURS 2019-20"},"content":{"rendered":"<p>En aquests enlla\u00e7os trobareu les informacions per al curs vinent 2019\/20.<\/p>\n<p>Els alumnes de 1r d&#8217;ESO teniu un llistat amb el material que caldr\u00e0 dur, i tamb\u00e9, instruccions per adquirir la llic\u00e8ncia digital de Ci\u00e8ncies Naturals.<\/p>\n<p>Tamb\u00e9 adjuntem el calendari d&#8217;ex\u00e0mens extraordinaris de setembre per als alumnes de Batxillerat.<\/p>\n<p>Bon estiu!<\/p>\n<p><a href=\"https:\/\/agora.xtec.cat\/iesmiquelbosch\/wp-content\/uploads\/usu626\/2019\/07\/Carta-fam\u00edlies-19-20.pdf\">Carta fam\u00edlies 19-20<\/a><\/p>\n<p><a href=\"https:\/\/agora.xtec.cat\/iesmiquelbosch\/wp-content\/uploads\/usu626\/2019\/07\/Material-i-llibre-digital-CN-1r-ESO-19-20.pdf\">Material i llibre digital CN 1r ESO 19-20<\/a><\/p>\n<p><a href=\"https:\/\/agora.xtec.cat\/iesmiquelbosch\/wp-content\/uploads\/usu626\/2019\/07\/Ex\u00e0mens-BATX-setembre-2019.pdf\">Ex\u00e0mens BATX setembre 2019<\/a><\/p>\n","protected":false},"excerpt":{"rendered":"<p>En aquests enlla\u00e7os trobareu les informacions per al curs vinent 2019\/20.<br \/>\nEls alumnes de 1r d&#8217;ESO teniu un llistat amb el material que caldr\u00e0 dur, i tamb\u00e9, instruccions per adquirir la llic\u00e8ncia digital de Ci\u00e8ncies Naturals.<br \/>\nTamb\u00e9 adjuntem el calendari d&#8217;ex\u00e0mens extraordinaris de setembre per als alumnes&hellip;  <a href=\"https:\/\/agora.xtec.cat\/iesmiquelbosch\/general\/informacions-inici-de-curs-2019-20\/\" title=\"Read INFORMACIONS INICI DE CURS 2019-20\">Llegeix m\u00e9s\u00bb<\/a><\/p>\n","protected":false},"author":33,"featured_media":0,"comment_status":"open","ping_status":"closed","sticky":false,"template":"","format":"standard","meta":{"_bbp_topic_count":0,"_bbp_reply_count":0,"_bbp_total_topic_count":0,"_bbp_total_reply_count":0,"_bbp_voice_count":0,"_bbp_anonymous_reply_count":0,"_bbp_topic_count_hidden":0,"_bbp_reply_count_hidden":0,"_bbp_forum_subforum_count":0,"footnotes":""},"categories":[1],"tags":[],"class_list":["post-4836","post","type-post","status-publish","format-standard","hentry","category-general"],"post_mailing_queue_ids":[],"_links":{"self":[{"href":"https:\/\/agora.xtec.cat\/iesmiquelbosch\/wp-json\/wp\/v2\/posts\/4836","targetHints":{"allow":["GET"]}}],"collection":[{"href":"https:\/\/agora.xtec.cat\/iesmiquelbosch\/wp-json\/wp\/v2\/posts"}],"about":[{"href":"https:\/\/agora.xtec.cat\/iesmiquelbosch\/wp-json\/wp\/v2\/types\/post"}],"author":[{"embeddable":true,"href":"https:\/\/agora.xtec.cat\/iesmiquelbosch\/wp-json\/wp\/v2\/users\/33"}],"replies":[{"embeddable":true,"href":"https:\/\/agora.xtec.cat\/iesmiquelbosch\/wp-json\/wp\/v2\/comments?post=4836"}],"version-history":[{"count":2,"href":"https:\/\/agora.xtec.cat\/iesmiquelbosch\/wp-json\/wp\/v2\/posts\/4836\/revisions"}],"predecessor-version":[{"id":4841,"href":"https:\/\/agora.xtec.cat\/iesmiquelbosch\/wp-json\/wp\/v2\/posts\/4836\/revisions\/4841"}],"wp:attachment":[{"href":"https:\/\/agora.xtec.cat\/iesmiquelbosch\/wp-json\/wp\/v2\/media?parent=4836"}],"wp:term":[{"taxonomy":"category","embeddable":true,"href":"https:\/\/agora.xtec.cat\/iesmiquelbosch\/wp-json\/wp\/v2\/categories?post=4836"},{"taxonomy":"post_tag","embeddable":true,"href":"https:\/\/agora.xtec.cat\/iesmiquelbosch\/wp-json\/wp\/v2\/tags?post=4836"}],"curies":[{"name":"wp","href":"https:\/\/api.w.org\/{rel}","templated":true}]}}