{"id":479,"date":"2010-06-08T14:01:55","date_gmt":"2010-06-08T13:01:55","guid":{"rendered":"http:\/\/agora.xtec.cat\/iesmiquelbosch\/general\/fotos-port-aventura\/"},"modified":"2016-07-20T16:03:04","modified_gmt":"2016-07-20T15:03:04","slug":"fotos-port-aventura","status":"publish","type":"post","link":"https:\/\/agora.xtec.cat\/iesmiquelbosch\/general\/fotos-port-aventura\/","title":{"rendered":"Fotos Port Aventura"},"content":{"rendered":"<p align=\"center\"><font color=\"#00ff54\" size=\"5\" face=\"arial,helvetica,sans-serif\"><strong>Sortida 1r ESO a Port Aventura<\/strong><\/font>\n<\/p>\n<p><font color=\"#00ff54\" size=\"4\" face=\"arial,helvetica,sans-serif\">Els alumnes de 1r d&#8217;ESO van anar a refrescar-se a Port Aventura el 20 de maig.<\/font>\n<\/p>\n<p><font color=\"#00ff54\" size=\"4\" face=\"arial,helvetica,sans-serif\">Per veure les fotos del viatge, cliqueu sobre la imatge de la c\u00e0mara fotogr\u00e0fica que trobareu a la part superior&nbsp;dreta&nbsp;d&#8217;aquesta p\u00e0gina.<\/font><\/p>\n","protected":false},"excerpt":{"rendered":"<p>Sortida 1r ESO a Port Aventura<\/p>\n<p>Els alumnes de 1r d&#8217;ESO van anar a refrescar-se a Port Aventura el 20 de maig.<\/p>\n<p>Per veure les fotos del viatge, cliqueu sobre la imatge de la c\u00e0mara fotogr\u00e0fica que trobareu a la part superior&nbsp;dreta&nbsp;d&#8217;aquesta p\u00e0gina.<\/p>\n","protected":false},"author":4,"featured_media":0,"comment_status":"open","ping_status":"open","sticky":false,"template":"","format":"standard","meta":{"_bbp_topic_count":0,"_bbp_reply_count":0,"_bbp_total_topic_count":0,"_bbp_total_reply_count":0,"_bbp_voice_count":0,"_bbp_anonymous_reply_count":0,"_bbp_topic_count_hidden":0,"_bbp_reply_count_hidden":0,"_bbp_forum_subforum_count":0,"footnotes":""},"categories":[1],"tags":[70,73],"class_list":["post-479","post","type-post","status-publish","format-standard","hentry","category-general","tag-intraweb","tag-noticies"],"post_mailing_queue_ids":[],"_links":{"self":[{"href":"https:\/\/agora.xtec.cat\/iesmiquelbosch\/wp-json\/wp\/v2\/posts\/479","targetHints":{"allow":["GET"]}}],"collection":[{"href":"https:\/\/agora.xtec.cat\/iesmiquelbosch\/wp-json\/wp\/v2\/posts"}],"about":[{"href":"https:\/\/agora.xtec.cat\/iesmiquelbosch\/wp-json\/wp\/v2\/types\/post"}],"author":[{"embeddable":true,"href":"https:\/\/agora.xtec.cat\/iesmiquelbosch\/wp-json\/wp\/v2\/users\/4"}],"replies":[{"embeddable":true,"href":"https:\/\/agora.xtec.cat\/iesmiquelbosch\/wp-json\/wp\/v2\/comments?post=479"}],"version-history":[{"count":1,"href":"https:\/\/agora.xtec.cat\/iesmiquelbosch\/wp-json\/wp\/v2\/posts\/479\/revisions"}],"predecessor-version":[{"id":1219,"href":"https:\/\/agora.xtec.cat\/iesmiquelbosch\/wp-json\/wp\/v2\/posts\/479\/revisions\/1219"}],"wp:attachment":[{"href":"https:\/\/agora.xtec.cat\/iesmiquelbosch\/wp-json\/wp\/v2\/media?parent=479"}],"wp:term":[{"taxonomy":"category","embeddable":true,"href":"https:\/\/agora.xtec.cat\/iesmiquelbosch\/wp-json\/wp\/v2\/categories?post=479"},{"taxonomy":"post_tag","embeddable":true,"href":"https:\/\/agora.xtec.cat\/iesmiquelbosch\/wp-json\/wp\/v2\/tags?post=479"}],"curies":[{"name":"wp","href":"https:\/\/api.w.org\/{rel}","templated":true}]}}