{"id":474,"date":"2010-06-01T22:36:56","date_gmt":"2010-06-01T21:36:56","guid":{"rendered":"http:\/\/agora.xtec.cat\/iesmiquelbosch\/general\/premis-literaris-curs-0910-de-1r-cicle-de-leso\/"},"modified":"2016-07-20T16:03:04","modified_gmt":"2016-07-20T15:03:04","slug":"premis-literaris-curs-0910-de-1r-cicle-de-leso","status":"publish","type":"post","link":"https:\/\/agora.xtec.cat\/iesmiquelbosch\/general\/premis-literaris-curs-0910-de-1r-cicle-de-leso\/","title":{"rendered":"Premis literaris curs 09\/10 de 1r cicle de l&#8217;ESO"},"content":{"rendered":"<p style=\"COLOR: rgb(255,115,46)\" align=\"center\"><font size=\"5\"><strong><font face=\"arial,helvetica,sans-serif\">Premis literaris curs 09\/10 de 1r cicle d&#8217;ESO<\/font><\/strong><\/font>\n<\/p>\n<p style=\"COLOR: rgb(255,115,46)\"><font size=\"4\" face=\"arial,helvetica,sans-serif\">Durant aquest curs, la J\u00falia Real i l&#8217;Eva Alberch han guanyat diversos premis literaris a nivell provincial:<\/font>\n<\/p>\n<ul style=\"COLOR: rgb(255,115,46)\">\n<li><font size=\"4\" face=\"arial,helvetica,sans-serif\">La J\u00falia ha guanyat el premi de narrativa La Mar de Lletres de Contes de Nadal (Calafell), el premi de poesia Francesc Blancher (Art\u00e9s) i el IV Premi Sambori \u00d2mnium Demarcaci\u00f3 de la Catalunya Central, en la modalitat de narrativa.<\/font> <\/li>\n<li><font size=\"4\" face=\"arial,helvetica,sans-serif\">L&#8217;Eva Alberch ha guanyat el 35\u00e8 concurs literari Josep Pla convocat per l&#8217;Institut Frederic Mart\u00ed Carreras de Palafrugell, en la modalitat de poesia.<\/font> <\/li>\n<\/ul>\n<p><font color=\"#ff732e\" size=\"4\" face=\"Arial\">Enhorabona! <\/font>\n<\/p>\n<p><font size=\"4\" face=\"Arial\">Cliqueu a Not\u00edcia completa per veure les fotos de les guardonades.<\/font><br \/>\n  \n<\/p>\n<p><img decoding=\"async\" align=\"left\" src=\"\/iesmiquelbosch\/intranet\/index.php?module=IWForms&amp;func=download&amp;fid=3&amp;fndid=15&amp;fileName=Julia.jpg\" \/>&nbsp;&nbsp;&nbsp;&nbsp;&nbsp;&nbsp;&nbsp;&nbsp;&nbsp;&nbsp; <img decoding=\"async\" src=\"\/iesmiquelbosch\/intranet\/index.php?module=IWForms&amp;func=download&amp;fid=3&amp;fndid=15&amp;fileName=Eva.jpg\" \/>\n<\/p>\n<p><font face=\"arial,helvetica,sans-serif\">La J\u00falia durant el lliurament del premi La Mar de Lletres&nbsp;&nbsp;&nbsp;&nbsp;&nbsp;&nbsp;&nbsp;&nbsp;&nbsp;&nbsp;&nbsp;&nbsp;&nbsp;&nbsp;&nbsp;&nbsp;&nbsp;&nbsp;&nbsp;&nbsp;&nbsp;&nbsp;&nbsp;&nbsp;&nbsp;&nbsp;&nbsp; L&#8217;Eva, acompanyada de la professora Concep Argerich, al&nbsp;Sambori<\/font><\/p>\n","protected":false},"excerpt":{"rendered":"<p>Premis literaris curs 09\/10 de 1r cicle d&#8217;ESO<\/p>\n<p>Durant aquest curs, la J\u00falia Real i l&#8217;Eva Alberch han guanyat diversos premis literaris a nivell provincial:<\/p>\n<ul style=\"COLOR: rgb(255,115,46)\">\n<li>La J\u00falia ha guanyat el premi de narrativa La Mar de Lletres de Contes de Nadal (Calafell), el premi de&hellip;  <a href=\"https:\/\/agora.xtec.cat\/iesmiquelbosch\/general\/premis-literaris-curs-0910-de-1r-cicle-de-leso\/\" title=\"Read Premis literaris curs 09\/10 de 1r cicle de l&#8217;ESO\">Llegeix m\u00e9s\u00bb<\/a><br \/>\n","protected":false},"author":4,"featured_media":0,"comment_status":"open","ping_status":"open","sticky":false,"template":"","format":"standard","meta":{"_bbp_topic_count":0,"_bbp_reply_count":0,"_bbp_total_topic_count":0,"_bbp_total_reply_count":0,"_bbp_voice_count":0,"_bbp_anonymous_reply_count":0,"_bbp_topic_count_hidden":0,"_bbp_reply_count_hidden":0,"_bbp_forum_subforum_count":0,"footnotes":""},"categories":[1],"tags":[70,73],"class_list":["post-474","post","type-post","status-publish","format-standard","hentry","category-general","tag-intraweb","tag-noticies"],"post_mailing_queue_ids":[],"_links":{"self":[{"href":"https:\/\/agora.xtec.cat\/iesmiquelbosch\/wp-json\/wp\/v2\/posts\/474","targetHints":{"allow":["GET"]}}],"collection":[{"href":"https:\/\/agora.xtec.cat\/iesmiquelbosch\/wp-json\/wp\/v2\/posts"}],"about":[{"href":"https:\/\/agora.xtec.cat\/iesmiquelbosch\/wp-json\/wp\/v2\/types\/post"}],"author":[{"embeddable":true,"href":"https:\/\/agora.xtec.cat\/iesmiquelbosch\/wp-json\/wp\/v2\/users\/4"}],"replies":[{"embeddable":true,"href":"https:\/\/agora.xtec.cat\/iesmiquelbosch\/wp-json\/wp\/v2\/comments?post=474"}],"version-history":[{"count":1,"href":"https:\/\/agora.xtec.cat\/iesmiquelbosch\/wp-json\/wp\/v2\/posts\/474\/revisions"}],"predecessor-version":[{"id":1214,"href":"https:\/\/agora.xtec.cat\/iesmiquelbosch\/wp-json\/wp\/v2\/posts\/474\/revisions\/1214"}],"wp:attachment":[{"href":"https:\/\/agora.xtec.cat\/iesmiquelbosch\/wp-json\/wp\/v2\/media?parent=474"}],"wp:term":[{"taxonomy":"category","embeddable":true,"href":"https:\/\/agora.xtec.cat\/iesmiquelbosch\/wp-json\/wp\/v2\/categories?post=474"},{"taxonomy":"post_tag","embeddable":true,"href":"https:\/\/agora.xtec.cat\/iesmiquelbosch\/wp-json\/wp\/v2\/tags?post=474"}],"curies":[{"name":"wp","href":"https:\/\/api.w.org\/{rel}","templated":true}]}}