{"id":463,"date":"2010-04-07T19:25:40","date_gmt":"2010-04-07T18:25:40","guid":{"rendered":"http:\/\/agora.xtec.cat\/iesmiquelbosch\/general\/canvi-provisional-de-litinerari-del-transport-escolar\/"},"modified":"2016-07-20T16:03:03","modified_gmt":"2016-07-20T15:03:03","slug":"canvi-provisional-de-litinerari-del-transport-escolar","status":"publish","type":"post","link":"https:\/\/agora.xtec.cat\/iesmiquelbosch\/general\/canvi-provisional-de-litinerari-del-transport-escolar\/","title":{"rendered":"Canvi provisional de l&#8217;itinerari del transport escolar"},"content":{"rendered":"<p align=\"center\"><font color=\"#ff5500\" size=\"5\" face=\"arial,helvetica,sans-serif\"><strong>Canvi provisional de l&#8217;itinerari del transport escolar<\/strong><\/font>\n<\/p>\n<p align=\"justify\"><strong><font color=\"#ff5500\" size=\"4\" face=\"Arial\">Enguany se celebra la 50ena edici\u00f3 de la fira de primavera d&#8217;Art\u00e9s, amb gran concentraci\u00f3 de parades i firaires. <img decoding=\"async\" align=\"right\" src=\"\/iesmiquelbosch\/intranet\/index.php?module=IWForms&amp;func=download&amp;fid=3&amp;fndid=15&amp;fileName=3Noria.gif\" \/><\/font><\/strong>\n<\/p>\n<p align=\"justify\"><strong><font color=\"#ff5500\" size=\"4\" face=\"Arial\">Per aquest motiu, la Gu\u00e0rdia Urbana i el director de l&#8217;institut han decidit que entre els dies 8 i 14 d&#8217;abril, ambd\u00f3s inclosos, es modificar\u00e0 l&#8217;itinerari del transport escolar per l&#8217;interior d&#8217;Art\u00e9s. Tanmateix, durant els mateixos dies, els alumnes entraran a l&#8217;institut&nbsp;per la porta gran del carrer Serra del Cad\u00ed.<\/font><\/strong><\/p>\n","protected":false},"excerpt":{"rendered":"<p>Canvi provisional de l&#8217;itinerari del transport escolar<\/p>\n<p>Enguany se celebra la 50ena edici\u00f3 de la fira de primavera d&#8217;Art\u00e9s, amb gran concentraci\u00f3 de parades i firaires. <\/p>\n<p>Per aquest motiu, la Gu\u00e0rdia Urbana i el director de l&#8217;institut han decidit que entre els dies 8 i 14&hellip;  <a href=\"https:\/\/agora.xtec.cat\/iesmiquelbosch\/general\/canvi-provisional-de-litinerari-del-transport-escolar\/\" title=\"Read Canvi provisional de l&#8217;itinerari del transport escolar\">Llegeix m\u00e9s\u00bb<\/a><\/p>\n","protected":false},"author":4,"featured_media":0,"comment_status":"open","ping_status":"open","sticky":false,"template":"","format":"standard","meta":{"_bbp_topic_count":0,"_bbp_reply_count":0,"_bbp_total_topic_count":0,"_bbp_total_reply_count":0,"_bbp_voice_count":0,"_bbp_anonymous_reply_count":0,"_bbp_topic_count_hidden":0,"_bbp_reply_count_hidden":0,"_bbp_forum_subforum_count":0,"footnotes":""},"categories":[1],"tags":[70,73],"class_list":["post-463","post","type-post","status-publish","format-standard","hentry","category-general","tag-intraweb","tag-noticies"],"post_mailing_queue_ids":[],"_links":{"self":[{"href":"https:\/\/agora.xtec.cat\/iesmiquelbosch\/wp-json\/wp\/v2\/posts\/463","targetHints":{"allow":["GET"]}}],"collection":[{"href":"https:\/\/agora.xtec.cat\/iesmiquelbosch\/wp-json\/wp\/v2\/posts"}],"about":[{"href":"https:\/\/agora.xtec.cat\/iesmiquelbosch\/wp-json\/wp\/v2\/types\/post"}],"author":[{"embeddable":true,"href":"https:\/\/agora.xtec.cat\/iesmiquelbosch\/wp-json\/wp\/v2\/users\/4"}],"replies":[{"embeddable":true,"href":"https:\/\/agora.xtec.cat\/iesmiquelbosch\/wp-json\/wp\/v2\/comments?post=463"}],"version-history":[{"count":1,"href":"https:\/\/agora.xtec.cat\/iesmiquelbosch\/wp-json\/wp\/v2\/posts\/463\/revisions"}],"predecessor-version":[{"id":1203,"href":"https:\/\/agora.xtec.cat\/iesmiquelbosch\/wp-json\/wp\/v2\/posts\/463\/revisions\/1203"}],"wp:attachment":[{"href":"https:\/\/agora.xtec.cat\/iesmiquelbosch\/wp-json\/wp\/v2\/media?parent=463"}],"wp:term":[{"taxonomy":"category","embeddable":true,"href":"https:\/\/agora.xtec.cat\/iesmiquelbosch\/wp-json\/wp\/v2\/categories?post=463"},{"taxonomy":"post_tag","embeddable":true,"href":"https:\/\/agora.xtec.cat\/iesmiquelbosch\/wp-json\/wp\/v2\/tags?post=463"}],"curies":[{"name":"wp","href":"https:\/\/api.w.org\/{rel}","templated":true}]}}