{"id":462,"date":"2010-03-25T10:09:31","date_gmt":"2010-03-25T09:09:31","guid":{"rendered":"http:\/\/agora.xtec.cat\/iesmiquelbosch\/general\/visita-al-museu-del-coure\/"},"modified":"2016-10-30T07:12:24","modified_gmt":"2016-10-30T06:12:24","slug":"visita-al-museu-del-coure","status":"publish","type":"post","link":"https:\/\/agora.xtec.cat\/iesmiquelbosch\/general\/visita-al-museu-del-coure\/","title":{"rendered":"Visita al Museu del coure"},"content":{"rendered":"<p align=\"center\"><span style=\"color: #02ff00; font-family: arial, helvetica, sans-serif; font-size: x-large;\"><strong>Visita al Museu del coure<\/strong><\/span><\/p>\n<p align=\"justify\"><span style=\"color: #02ff00; font-family: Arial; font-size: large;\">El divendres 19 de mar\u00e7 de 2010, els alumnes de 1r i 2n de Batxillerat Tecnol\u00f2gic de l&#8217;institut vam fer una visita al Museu del coure (Col\u00f2nia Lacambre, Masies de Voltreg\u00e0). <\/span><\/p>\n<p align=\"justify\"><span style=\"color: #02ff00; font-family: Arial; font-size: large;\">El museu est\u00e0 estructurat en tres apartats: el coure i els or\u00edgens de la metal\u00b7l\u00fargica, l&#8217;element qu\u00edmic <em>coure<\/em> i tecnologia i les aplicacions del coure.<\/span><\/p>\n<p align=\"justify\"><span style=\"color: #02ff00; font-family: Arial; font-size: large;\">Finalment es va fer una visita per veure el proc\u00e9s productiu d&#8217;una fosa i els seus processos de semielaboraci\u00f3.<\/span><\/p>\n<p align=\"justify\"><a href=\"http:\/\/agora.xtec.cat\/iesmiquelbosch\/wp-content\/uploads\/usu626\/2010\/03\/museu_del_coure.jpg\"><img loading=\"lazy\" decoding=\"async\" class=\"alignnone size-full wp-image-2695\" src=\"http:\/\/agora.xtec.cat\/iesmiquelbosch\/wp-content\/uploads\/usu626\/2010\/03\/museu_del_coure.jpg\" alt=\"museu_del_coure\" width=\"640\" height=\"480\" srcset=\"https:\/\/agora.xtec.cat\/iesmiquelbosch\/wp-content\/uploads\/usu626\/2010\/03\/museu_del_coure.jpg 640w, https:\/\/agora.xtec.cat\/iesmiquelbosch\/wp-content\/uploads\/usu626\/2010\/03\/museu_del_coure-300x225.jpg 300w, https:\/\/agora.xtec.cat\/iesmiquelbosch\/wp-content\/uploads\/usu626\/2010\/03\/museu_del_coure-200x150.jpg 200w\" sizes=\"auto, (max-width: 640px) 100vw, 640px\" \/><\/a><\/p>\n","protected":false},"excerpt":{"rendered":"<p>Visita al Museu del coure<br \/>\nEl divendres 19 de mar\u00e7 de 2010, els alumnes de 1r i 2n de Batxillerat Tecnol\u00f2gic de l&#8217;institut vam fer una visita al Museu del coure (Col\u00f2nia Lacambre, Masies de Voltreg\u00e0).<br \/>\nEl museu est\u00e0 estructurat en tres apartats: el coure i&hellip;  <a href=\"https:\/\/agora.xtec.cat\/iesmiquelbosch\/general\/visita-al-museu-del-coure\/\" title=\"Read Visita al Museu del coure\">Llegeix m\u00e9s\u00bb<\/a><\/p>\n","protected":false},"author":4,"featured_media":2695,"comment_status":"open","ping_status":"open","sticky":false,"template":"","format":"standard","meta":{"_bbp_topic_count":0,"_bbp_reply_count":0,"_bbp_total_topic_count":0,"_bbp_total_reply_count":0,"_bbp_voice_count":0,"_bbp_anonymous_reply_count":0,"_bbp_topic_count_hidden":0,"_bbp_reply_count_hidden":0,"_bbp_forum_subforum_count":0,"footnotes":""},"categories":[1],"tags":[70,73],"class_list":["post-462","post","type-post","status-publish","format-standard","has-post-thumbnail","hentry","category-general","tag-intraweb","tag-noticies"],"post_mailing_queue_ids":[],"_links":{"self":[{"href":"https:\/\/agora.xtec.cat\/iesmiquelbosch\/wp-json\/wp\/v2\/posts\/462","targetHints":{"allow":["GET"]}}],"collection":[{"href":"https:\/\/agora.xtec.cat\/iesmiquelbosch\/wp-json\/wp\/v2\/posts"}],"about":[{"href":"https:\/\/agora.xtec.cat\/iesmiquelbosch\/wp-json\/wp\/v2\/types\/post"}],"author":[{"embeddable":true,"href":"https:\/\/agora.xtec.cat\/iesmiquelbosch\/wp-json\/wp\/v2\/users\/4"}],"replies":[{"embeddable":true,"href":"https:\/\/agora.xtec.cat\/iesmiquelbosch\/wp-json\/wp\/v2\/comments?post=462"}],"version-history":[{"count":2,"href":"https:\/\/agora.xtec.cat\/iesmiquelbosch\/wp-json\/wp\/v2\/posts\/462\/revisions"}],"predecessor-version":[{"id":2696,"href":"https:\/\/agora.xtec.cat\/iesmiquelbosch\/wp-json\/wp\/v2\/posts\/462\/revisions\/2696"}],"wp:featuredmedia":[{"embeddable":true,"href":"https:\/\/agora.xtec.cat\/iesmiquelbosch\/wp-json\/wp\/v2\/media\/2695"}],"wp:attachment":[{"href":"https:\/\/agora.xtec.cat\/iesmiquelbosch\/wp-json\/wp\/v2\/media?parent=462"}],"wp:term":[{"taxonomy":"category","embeddable":true,"href":"https:\/\/agora.xtec.cat\/iesmiquelbosch\/wp-json\/wp\/v2\/categories?post=462"},{"taxonomy":"post_tag","embeddable":true,"href":"https:\/\/agora.xtec.cat\/iesmiquelbosch\/wp-json\/wp\/v2\/tags?post=462"}],"curies":[{"name":"wp","href":"https:\/\/api.w.org\/{rel}","templated":true}]}}