{"id":458,"date":"2010-03-16T14:33:47","date_gmt":"2010-03-16T13:33:47","guid":{"rendered":"http:\/\/agora.xtec.cat\/iesmiquelbosch\/general\/convocatoria-de-vaga-per-dema-dia-17-marc-2010\/"},"modified":"2016-07-20T16:03:02","modified_gmt":"2016-07-20T15:03:02","slug":"convocatoria-de-vaga-per-dema-dia-17-marc-2010","status":"publish","type":"post","link":"https:\/\/agora.xtec.cat\/iesmiquelbosch\/general\/convocatoria-de-vaga-per-dema-dia-17-marc-2010\/","title":{"rendered":"CONVOCAT\u00d2RIA DE VAGA PER DEM\u00c0 DIA 17 &#8211; MAR\u00c7 &#8211; 2010"},"content":{"rendered":"<p><strong><font size=\"4\"><font face=\"arial,helvetica,sans-serif\">Amb motiu de la vaga convocada pels sindicats de docents i d&#8217;estudiants per al dimecres dia 17 de mar\u00e7, us volem comunicar el seg\u00fcent :<\/font><\/font><\/strong>\n<\/p>\n<p><font size=\"4\" face=\"arial,helvetica,sans-serif\"><strong>1.&nbsp;&nbsp;&nbsp;&nbsp; Al migdia del dimarts, nom\u00e9s un professor ha comunicat a l&#8217;equip directiu la seva intenci\u00f3 de secundar la vaga. Conseq\u00fcetment, l&#8217;institut s&#8217;obrir\u00e0 normalment i es realitzaran les activitats lectives habituals.<\/strong><\/font>\n<\/p>\n<p><font size=\"4\" face=\"arial,helvetica,sans-serif\"><strong>2.&nbsp;&nbsp; A les 10 hores del mat\u00ed del dia 16-3-10, l&#8217;alumnat de 2n de Batxillerat ha fet arribar a direcci\u00f3 un escrit d&#8217;adhesi\u00f3 a la vaga. Se&#8217;ls ha respost que l&#8217;acord amb Consell de Delegats i amb Consell Escolar era d&#8217;avisar amb 48 hores d&#8217;antelaci\u00f3.<\/strong><\/font>\n<\/p>\n<p><font size=\"4\" face=\"arial,helvetica,sans-serif\"><strong>&nbsp;<\/strong><\/font><span><span><font size=\"4\" face=\"arial,helvetica,sans-serif\"><strong>3.&nbsp;&nbsp; S&#8217;ANUL\u00b7LEN les sortides de 3r ESO previstes per als dies 17 i 18 de mar\u00e7, per seguir l&#8217;itinerari geol\u00f2gic de la Font de les T\u00e0pies. El professorat del Camp d&#8217;Aprenentatge secunden la vaga i eren els guies i organitzadors de la sortida. No ha estat possible realitzar la sortida cap altre dia d&#8217;aquest curs, ja que ho tenen tot ple. Davant d&#8217;aquest fet el Departament de C. de la Naturalesa ha decidit anul\u00b7lar tamb\u00e9 la del 18, car no semblava coherent fer la sortida nom\u00e9s per a la meitat d&#8217;alumnat.<\/strong><\/font><\/span><\/span>\n<\/p>\n<p><span><span><strong><font size=\"4\" face=\"Arial\">Podeu accedir al document de la vaga del Sindicat d&#8217;Estudiants des d&#8217;aqu\u00ed:<\/font><\/strong><\/span><\/span>\n<\/p>\n<p><span><span><strong><font size=\"4\" face=\"Arial\"><a href=\"\/iesmiquelbosch\/intranet\/index.php?module=IWForms&amp;func=download&amp;fid=3&amp;fndid=15&amp;fileName=vaga_estudiants.jpg\" target=\"_blank\">Primer full<\/a><\/font><\/strong><\/span><\/span>\n<\/p>\n<p><a href=\"\/iesmiquelbosch\/intranet\/index.php?module=IWForms&amp;func=download&amp;fid=3&amp;fndid=16&amp;fileName=vaga_estudiants_1.jpg\" target=\"_blank\"><span><span><strong><font size=\"4\" face=\"Arial\">Segon full<\/font><\/strong><\/span><\/span><span><span>\n<\/p>\n<p><\/span><\/span><\/a><\/p>\n","protected":false},"excerpt":{"rendered":"<p>Amb motiu de la vaga convocada pels sindicats de docents i d&#8217;estudiants per al dimecres dia 17 de mar\u00e7, us volem comunicar el seg\u00fcent :<\/p>\n<p>1.&nbsp;&nbsp;&nbsp;&nbsp; Al migdia del dimarts, nom\u00e9s un professor ha comunicat a l&#8217;equip directiu la seva intenci\u00f3 de secundar la vaga. Conseq\u00fcetment,&hellip;  <a href=\"https:\/\/agora.xtec.cat\/iesmiquelbosch\/general\/convocatoria-de-vaga-per-dema-dia-17-marc-2010\/\" title=\"Read CONVOCAT\u00d2RIA DE VAGA PER DEM\u00c0 DIA 17 &#8211; MAR\u00c7 &#8211; 2010\">Llegeix m\u00e9s\u00bb<\/a><\/p>\n","protected":false},"author":1,"featured_media":0,"comment_status":"open","ping_status":"open","sticky":false,"template":"","format":"standard","meta":{"_bbp_topic_count":0,"_bbp_reply_count":0,"_bbp_total_topic_count":0,"_bbp_total_reply_count":0,"_bbp_voice_count":0,"_bbp_anonymous_reply_count":0,"_bbp_topic_count_hidden":0,"_bbp_reply_count_hidden":0,"_bbp_forum_subforum_count":0,"footnotes":""},"categories":[1],"tags":[70,73],"class_list":["post-458","post","type-post","status-publish","format-standard","hentry","category-general","tag-intraweb","tag-noticies"],"post_mailing_queue_ids":[],"_links":{"self":[{"href":"https:\/\/agora.xtec.cat\/iesmiquelbosch\/wp-json\/wp\/v2\/posts\/458","targetHints":{"allow":["GET"]}}],"collection":[{"href":"https:\/\/agora.xtec.cat\/iesmiquelbosch\/wp-json\/wp\/v2\/posts"}],"about":[{"href":"https:\/\/agora.xtec.cat\/iesmiquelbosch\/wp-json\/wp\/v2\/types\/post"}],"author":[{"embeddable":true,"href":"https:\/\/agora.xtec.cat\/iesmiquelbosch\/wp-json\/wp\/v2\/users\/1"}],"replies":[{"embeddable":true,"href":"https:\/\/agora.xtec.cat\/iesmiquelbosch\/wp-json\/wp\/v2\/comments?post=458"}],"version-history":[{"count":1,"href":"https:\/\/agora.xtec.cat\/iesmiquelbosch\/wp-json\/wp\/v2\/posts\/458\/revisions"}],"predecessor-version":[{"id":1198,"href":"https:\/\/agora.xtec.cat\/iesmiquelbosch\/wp-json\/wp\/v2\/posts\/458\/revisions\/1198"}],"wp:attachment":[{"href":"https:\/\/agora.xtec.cat\/iesmiquelbosch\/wp-json\/wp\/v2\/media?parent=458"}],"wp:term":[{"taxonomy":"category","embeddable":true,"href":"https:\/\/agora.xtec.cat\/iesmiquelbosch\/wp-json\/wp\/v2\/categories?post=458"},{"taxonomy":"post_tag","embeddable":true,"href":"https:\/\/agora.xtec.cat\/iesmiquelbosch\/wp-json\/wp\/v2\/tags?post=458"}],"curies":[{"name":"wp","href":"https:\/\/api.w.org\/{rel}","templated":true}]}}