{"id":457,"date":"2010-03-15T08:59:31","date_gmt":"2010-03-15T07:59:31","guid":{"rendered":"http:\/\/agora.xtec.cat\/iesmiquelbosch\/general\/xerrada-adrecada-als-pares-sobre-laddicio-a-les-pantalles\/"},"modified":"2016-07-20T16:03:02","modified_gmt":"2016-07-20T15:03:02","slug":"xerrada-adrecada-als-pares-sobre-laddicio-a-les-pantalles","status":"publish","type":"post","link":"https:\/\/agora.xtec.cat\/iesmiquelbosch\/general\/xerrada-adrecada-als-pares-sobre-laddicio-a-les-pantalles\/","title":{"rendered":"Xerrada adre\u00e7ada als pares sobre l&#8217;addici\u00f3 a les pantalles"},"content":{"rendered":"<p align=\"center\"><font size=\"5\" face=\"arial,helvetica,sans-serif\"><strong><font style=\"BACKGROUND-COLOR: #ffff69\"><font color=\"#ff5500\"><img decoding=\"async\" align=\"left\" src=\"\/iesmiquelbosch\/intranet\/index.php?module=IWForms&amp;func=download&amp;fid=3&amp;fndid=15&amp;fileName=compclip.gif\" \/>Xerrada adre\u00e7ada als pares en el marc del projecte <em>Per l&#8217;equilibri<\/em><\/font><\/font><\/strong><\/font>\n<\/p>\n<p align=\"justify\"><font style=\"BACKGROUND-COLOR: #ffffff\" color=\"#ff5500\" size=\"4\" face=\"Arial\">El proper 24 de mar\u00e7, a les 18:30 hores, us esperem a la biblioteca del centre per assistir a una xerrada sobre l&#8217;addicci\u00f3 a les pantalles, a c\u00e0rrec de la psic\u00f2loga Laura Merino, de l&#8217;AIS (Servei d&#8217;atenci\u00f3 i investigaci\u00f3 de les socioaddiccions).<\/font> <img decoding=\"async\" align=\"right\" src=\"\/iesmiquelbosch\/intranet\/index.php?module=IWForms&amp;func=download&amp;fid=3&amp;fndid=16&amp;fileName=34.gif\" \/>\n<\/p>\n<p align=\"justify\"><font color=\"#ff5500\" size=\"4\" face=\"Arial\">Podeu veure el <a href=\"\/iesmiquelbosch\/intranet\/index.php?module=IWForms&amp;func=download&amp;fid=3&amp;fndid=16&amp;fileName=CARTELL_XERRADA_INFORMATIVA1.pdf\" target=\"_blank\">cartell&nbsp;<\/a><\/font><font color=\"#ff5500\" size=\"4\" face=\"Arial\"><a href=\"\/iesmiquelbosch\/intranet\/index.php?module=IWForms&amp;func=download&amp;fid=3&amp;fndid=16&amp;fileName=CARTELL_XERRADA_INFORMATIVA1.pdf\" target=\"_blank\">de la xerrada<\/a> i el <a href=\"\/iesmiquelbosch\/intranet\/index.php?module=IWForms&amp;func=download&amp;fid=3&amp;fndid=15&amp;fileName=DIPTIC_VIKI-ROSA1.pdf\" target=\"_blank\">d\u00edptic informatiu<\/a>.<\/font>&nbsp;<\/p>\n","protected":false},"excerpt":{"rendered":"<p>Xerrada adre\u00e7ada als pares en el marc del projecte Per l&#8217;equilibri<\/p>\n<p>El proper 24 de mar\u00e7, a les 18:30 hores, us esperem a la biblioteca del centre per assistir a una xerrada sobre l&#8217;addicci\u00f3 a les pantalles, a c\u00e0rrec de la psic\u00f2loga Laura Merino, de l&#8217;AIS&hellip;  <a href=\"https:\/\/agora.xtec.cat\/iesmiquelbosch\/general\/xerrada-adrecada-als-pares-sobre-laddicio-a-les-pantalles\/\" title=\"Read Xerrada adre\u00e7ada als pares sobre l&#8217;addici\u00f3 a les pantalles\">Llegeix m\u00e9s\u00bb<\/a><\/p>\n","protected":false},"author":4,"featured_media":0,"comment_status":"open","ping_status":"open","sticky":false,"template":"","format":"standard","meta":{"_bbp_topic_count":0,"_bbp_reply_count":0,"_bbp_total_topic_count":0,"_bbp_total_reply_count":0,"_bbp_voice_count":0,"_bbp_anonymous_reply_count":0,"_bbp_topic_count_hidden":0,"_bbp_reply_count_hidden":0,"_bbp_forum_subforum_count":0,"footnotes":""},"categories":[1],"tags":[70,73],"class_list":["post-457","post","type-post","status-publish","format-standard","hentry","category-general","tag-intraweb","tag-noticies"],"post_mailing_queue_ids":[],"_links":{"self":[{"href":"https:\/\/agora.xtec.cat\/iesmiquelbosch\/wp-json\/wp\/v2\/posts\/457","targetHints":{"allow":["GET"]}}],"collection":[{"href":"https:\/\/agora.xtec.cat\/iesmiquelbosch\/wp-json\/wp\/v2\/posts"}],"about":[{"href":"https:\/\/agora.xtec.cat\/iesmiquelbosch\/wp-json\/wp\/v2\/types\/post"}],"author":[{"embeddable":true,"href":"https:\/\/agora.xtec.cat\/iesmiquelbosch\/wp-json\/wp\/v2\/users\/4"}],"replies":[{"embeddable":true,"href":"https:\/\/agora.xtec.cat\/iesmiquelbosch\/wp-json\/wp\/v2\/comments?post=457"}],"version-history":[{"count":1,"href":"https:\/\/agora.xtec.cat\/iesmiquelbosch\/wp-json\/wp\/v2\/posts\/457\/revisions"}],"predecessor-version":[{"id":1197,"href":"https:\/\/agora.xtec.cat\/iesmiquelbosch\/wp-json\/wp\/v2\/posts\/457\/revisions\/1197"}],"wp:attachment":[{"href":"https:\/\/agora.xtec.cat\/iesmiquelbosch\/wp-json\/wp\/v2\/media?parent=457"}],"wp:term":[{"taxonomy":"category","embeddable":true,"href":"https:\/\/agora.xtec.cat\/iesmiquelbosch\/wp-json\/wp\/v2\/categories?post=457"},{"taxonomy":"post_tag","embeddable":true,"href":"https:\/\/agora.xtec.cat\/iesmiquelbosch\/wp-json\/wp\/v2\/tags?post=457"}],"curies":[{"name":"wp","href":"https:\/\/api.w.org\/{rel}","templated":true}]}}