{"id":4535,"date":"2019-05-03T09:52:48","date_gmt":"2019-05-03T07:52:48","guid":{"rendered":"http:\/\/agora.xtec.cat\/iesmiquelbosch\/?p=4535"},"modified":"2019-05-16T14:23:55","modified_gmt":"2019-05-16T12:23:55","slug":"reunio-de-pares-de-3r-deso-2","status":"publish","type":"post","link":"https:\/\/agora.xtec.cat\/iesmiquelbosch\/general\/reunio-de-pares-de-3r-deso-2\/","title":{"rendered":"Reuni\u00f3 de pares de 3r d&#8217;ESO"},"content":{"rendered":"<p>Reuni\u00f3 informativa per als pares i mares dels alumnes de 3r d&#8217;ESO, sobre l&#8217;organitzaci\u00f3 curricular de 4t d&#8217;ESO per al curs 2019\/20.<\/p>\n<p>DIA:\u00a0 \u00a0 \u00a0 dimecres, 15 de maig<\/p>\n<p>HORA:\u00a0 a les 19.00 hores<\/p>\n<p>LLOC: a la biblioteca de l&#8217;institut<\/p>\n<p>&nbsp;<\/p>\n<p>&nbsp;<\/p>\n","protected":false},"excerpt":{"rendered":"<p>Reuni\u00f3 informativa per als pares i mares dels alumnes de 3r d&#8217;ESO, sobre l&#8217;organitzaci\u00f3 curricular de 4t d&#8217;ESO per al curs 2019\/20.<br \/>\nDIA:\u00a0 \u00a0 \u00a0 dimecres, 15 de maig<br \/>\nHORA:\u00a0 a les 19.00 hores<br \/>\nLLOC: a la biblioteca de l&#8217;institut<br \/>\n&nbsp;<br \/>\n&nbsp;<\/p>\n","protected":false},"author":33,"featured_media":0,"comment_status":"open","ping_status":"closed","sticky":false,"template":"","format":"standard","meta":{"_bbp_topic_count":0,"_bbp_reply_count":0,"_bbp_total_topic_count":0,"_bbp_total_reply_count":0,"_bbp_voice_count":0,"_bbp_anonymous_reply_count":0,"_bbp_topic_count_hidden":0,"_bbp_reply_count_hidden":0,"_bbp_forum_subforum_count":0,"footnotes":""},"categories":[1],"tags":[],"class_list":["post-4535","post","type-post","status-publish","format-standard","hentry","category-general"],"post_mailing_queue_ids":[],"_links":{"self":[{"href":"https:\/\/agora.xtec.cat\/iesmiquelbosch\/wp-json\/wp\/v2\/posts\/4535","targetHints":{"allow":["GET"]}}],"collection":[{"href":"https:\/\/agora.xtec.cat\/iesmiquelbosch\/wp-json\/wp\/v2\/posts"}],"about":[{"href":"https:\/\/agora.xtec.cat\/iesmiquelbosch\/wp-json\/wp\/v2\/types\/post"}],"author":[{"embeddable":true,"href":"https:\/\/agora.xtec.cat\/iesmiquelbosch\/wp-json\/wp\/v2\/users\/33"}],"replies":[{"embeddable":true,"href":"https:\/\/agora.xtec.cat\/iesmiquelbosch\/wp-json\/wp\/v2\/comments?post=4535"}],"version-history":[{"count":2,"href":"https:\/\/agora.xtec.cat\/iesmiquelbosch\/wp-json\/wp\/v2\/posts\/4535\/revisions"}],"predecessor-version":[{"id":4537,"href":"https:\/\/agora.xtec.cat\/iesmiquelbosch\/wp-json\/wp\/v2\/posts\/4535\/revisions\/4537"}],"wp:attachment":[{"href":"https:\/\/agora.xtec.cat\/iesmiquelbosch\/wp-json\/wp\/v2\/media?parent=4535"}],"wp:term":[{"taxonomy":"category","embeddable":true,"href":"https:\/\/agora.xtec.cat\/iesmiquelbosch\/wp-json\/wp\/v2\/categories?post=4535"},{"taxonomy":"post_tag","embeddable":true,"href":"https:\/\/agora.xtec.cat\/iesmiquelbosch\/wp-json\/wp\/v2\/tags?post=4535"}],"curies":[{"name":"wp","href":"https:\/\/api.w.org\/{rel}","templated":true}]}}