{"id":4527,"date":"2019-04-26T14:07:26","date_gmt":"2019-04-26T12:07:26","guid":{"rendered":"http:\/\/agora.xtec.cat\/iesmiquelbosch\/?p=4527"},"modified":"2019-04-26T14:39:14","modified_gmt":"2019-04-26T12:39:14","slug":"convocatoria-reunio-batxillerat-19-20","status":"publish","type":"post","link":"https:\/\/agora.xtec.cat\/iesmiquelbosch\/general\/convocatoria-reunio-batxillerat-19-20\/","title":{"rendered":"CONVOCAT\u00d2RIA REUNI\u00d3 BATX 19-20"},"content":{"rendered":"<p>Del 14 al 21 de maig de 2019 s&#8217;obre el termini de preinscripci\u00f3 per a cursar estudis de Batxillerat.<\/p>\n<p>Per aquest motiu, convoquem una reuni\u00f3 informativa sobre l&#8217;estructura dels estudis de Batxillerat:<\/p>\n<p>DIA:\u00a0 \u00a0 \u00a0 \u00a0 dijous, 2 de maig<\/p>\n<p>HORA:\u00a0 \u00a0 19:00 hores<\/p>\n<p>LLOC:\u00a0 \u00a0 \u00a0Biblioteca de l&#8217;institut<\/p>\n<p>Tractarem de com organitzem els estudis de Batxillerat: oferta educativa, horaris, sortides universit\u00e0ries i professionals, &#8230;<\/p>\n<p>Despr\u00e9s de la reuni\u00f3 es far\u00e0 una visita a les instal\u00b7lacions del centre.<\/p>\n","protected":false},"excerpt":{"rendered":"<p>Del 14 al 21 de maig de 2019 s&#8217;obre el termini de preinscripci\u00f3 per a cursar estudis de Batxillerat.<br \/>\nPer aquest motiu, convoquem una reuni\u00f3 informativa sobre l&#8217;estructura dels estudis de Batxillerat:<br \/>\nDIA:\u00a0 \u00a0 \u00a0 \u00a0 dijous, 2 de maig<br \/>\nHORA:\u00a0 \u00a0 19:00 hores<br \/>\nLLOC:\u00a0 \u00a0 \u00a0Biblioteca de l&#8217;institut<br \/>\nTractarem&hellip;  <a href=\"https:\/\/agora.xtec.cat\/iesmiquelbosch\/general\/convocatoria-reunio-batxillerat-19-20\/\" title=\"Read CONVOCAT\u00d2RIA REUNI\u00d3 BATX 19-20\">Llegeix m\u00e9s\u00bb<\/a><\/p>\n","protected":false},"author":33,"featured_media":0,"comment_status":"open","ping_status":"closed","sticky":false,"template":"","format":"standard","meta":{"_bbp_topic_count":0,"_bbp_reply_count":0,"_bbp_total_topic_count":0,"_bbp_total_reply_count":0,"_bbp_voice_count":0,"_bbp_anonymous_reply_count":0,"_bbp_topic_count_hidden":0,"_bbp_reply_count_hidden":0,"_bbp_forum_subforum_count":0,"footnotes":""},"categories":[1],"tags":[],"class_list":["post-4527","post","type-post","status-publish","format-standard","hentry","category-general"],"post_mailing_queue_ids":[],"_links":{"self":[{"href":"https:\/\/agora.xtec.cat\/iesmiquelbosch\/wp-json\/wp\/v2\/posts\/4527","targetHints":{"allow":["GET"]}}],"collection":[{"href":"https:\/\/agora.xtec.cat\/iesmiquelbosch\/wp-json\/wp\/v2\/posts"}],"about":[{"href":"https:\/\/agora.xtec.cat\/iesmiquelbosch\/wp-json\/wp\/v2\/types\/post"}],"author":[{"embeddable":true,"href":"https:\/\/agora.xtec.cat\/iesmiquelbosch\/wp-json\/wp\/v2\/users\/33"}],"replies":[{"embeddable":true,"href":"https:\/\/agora.xtec.cat\/iesmiquelbosch\/wp-json\/wp\/v2\/comments?post=4527"}],"version-history":[{"count":2,"href":"https:\/\/agora.xtec.cat\/iesmiquelbosch\/wp-json\/wp\/v2\/posts\/4527\/revisions"}],"predecessor-version":[{"id":4529,"href":"https:\/\/agora.xtec.cat\/iesmiquelbosch\/wp-json\/wp\/v2\/posts\/4527\/revisions\/4529"}],"wp:attachment":[{"href":"https:\/\/agora.xtec.cat\/iesmiquelbosch\/wp-json\/wp\/v2\/media?parent=4527"}],"wp:term":[{"taxonomy":"category","embeddable":true,"href":"https:\/\/agora.xtec.cat\/iesmiquelbosch\/wp-json\/wp\/v2\/categories?post=4527"},{"taxonomy":"post_tag","embeddable":true,"href":"https:\/\/agora.xtec.cat\/iesmiquelbosch\/wp-json\/wp\/v2\/tags?post=4527"}],"curies":[{"name":"wp","href":"https:\/\/api.w.org\/{rel}","templated":true}]}}