{"id":437,"date":"2010-01-07T14:21:40","date_gmt":"2010-01-07T13:21:40","guid":{"rendered":"http:\/\/agora.xtec.cat\/iesmiquelbosch\/general\/previsions-metereologiques-pel-8-de-gener\/"},"modified":"2016-07-20T16:03:01","modified_gmt":"2016-07-20T15:03:01","slug":"previsions-metereologiques-pel-8-de-gener","status":"publish","type":"post","link":"https:\/\/agora.xtec.cat\/iesmiquelbosch\/general\/previsions-metereologiques-pel-8-de-gener\/","title":{"rendered":"Previsions metereol\u00f2giques pel 8 de gener"},"content":{"rendered":"<p><font color=\"#ff5500\" face=\"verdana,arial,helvetica,sans-serif\" size=\"5\"><strong>Pendents de nou de la metereologia<\/strong><\/font>\n<\/p>\n<p><strong><font color=\"#61ff10\" face=\"Verdana\" size=\"4\">Dem\u00e0, 8 de gener, es reiniciaran les classes despr\u00e9s de la pausa nadalenca.<\/font><\/strong>\n<\/p>\n<p><strong><font color=\"#61ff10\" face=\"Verdana\" size=\"4\">Esperem que les condicions metereol\u00f2giques ens permetin reprendre l&#8217;activitat escolar sense problemes.<\/font><\/strong>\n<\/p>\n<p><strong><font color=\"#61ff10\" face=\"Verdana\" size=\"4\">En tot cas, us mantindrem informats a trav\u00e9s de la web sobre possibles incid\u00e8ncies, que us comunicar\u00edem aquesta nit i\/o dem\u00e0 al mat\u00ed.<\/font><\/strong>\n<\/p>\n<p align=\"center\"><img decoding=\"async\" src=\"\/iesmiquelbosch\/intranet\/index.php?module=IWForms&amp;func=download&amp;fid=3&amp;fndid=15&amp;fileName=x_postal.gif\" align=\"middle\" \/>\n<\/p>\n<p align=\"left\"><font color=\"#57ff00\" face=\"tahoma,arial,helvetica,sans-serif\"><strong>L&#8217;Equip directiu<\/strong><\/font><\/p>\n","protected":false},"excerpt":{"rendered":"<p>Pendents de nou de la metereologia<\/p>\n<p>Dem\u00e0, 8 de gener, es reiniciaran les classes despr\u00e9s de la pausa nadalenca.<\/p>\n<p>Esperem que les condicions metereol\u00f2giques ens permetin reprendre l&#8217;activitat escolar sense problemes.<\/p>\n<p>En tot cas, us mantindrem informats a trav\u00e9s de la web sobre possibles incid\u00e8ncies, que us comunicar\u00edem&hellip;  <a href=\"https:\/\/agora.xtec.cat\/iesmiquelbosch\/general\/previsions-metereologiques-pel-8-de-gener\/\" title=\"Read Previsions metereol\u00f2giques pel 8 de gener\">Llegeix m\u00e9s\u00bb<\/a><\/p>\n","protected":false},"author":4,"featured_media":0,"comment_status":"open","ping_status":"open","sticky":false,"template":"","format":"standard","meta":{"_bbp_topic_count":0,"_bbp_reply_count":0,"_bbp_total_topic_count":0,"_bbp_total_reply_count":0,"_bbp_voice_count":0,"_bbp_anonymous_reply_count":0,"_bbp_topic_count_hidden":0,"_bbp_reply_count_hidden":0,"_bbp_forum_subforum_count":0,"footnotes":""},"categories":[1],"tags":[70,73],"class_list":["post-437","post","type-post","status-publish","format-standard","hentry","category-general","tag-intraweb","tag-noticies"],"post_mailing_queue_ids":[],"_links":{"self":[{"href":"https:\/\/agora.xtec.cat\/iesmiquelbosch\/wp-json\/wp\/v2\/posts\/437","targetHints":{"allow":["GET"]}}],"collection":[{"href":"https:\/\/agora.xtec.cat\/iesmiquelbosch\/wp-json\/wp\/v2\/posts"}],"about":[{"href":"https:\/\/agora.xtec.cat\/iesmiquelbosch\/wp-json\/wp\/v2\/types\/post"}],"author":[{"embeddable":true,"href":"https:\/\/agora.xtec.cat\/iesmiquelbosch\/wp-json\/wp\/v2\/users\/4"}],"replies":[{"embeddable":true,"href":"https:\/\/agora.xtec.cat\/iesmiquelbosch\/wp-json\/wp\/v2\/comments?post=437"}],"version-history":[{"count":1,"href":"https:\/\/agora.xtec.cat\/iesmiquelbosch\/wp-json\/wp\/v2\/posts\/437\/revisions"}],"predecessor-version":[{"id":1177,"href":"https:\/\/agora.xtec.cat\/iesmiquelbosch\/wp-json\/wp\/v2\/posts\/437\/revisions\/1177"}],"wp:attachment":[{"href":"https:\/\/agora.xtec.cat\/iesmiquelbosch\/wp-json\/wp\/v2\/media?parent=437"}],"wp:term":[{"taxonomy":"category","embeddable":true,"href":"https:\/\/agora.xtec.cat\/iesmiquelbosch\/wp-json\/wp\/v2\/categories?post=437"},{"taxonomy":"post_tag","embeddable":true,"href":"https:\/\/agora.xtec.cat\/iesmiquelbosch\/wp-json\/wp\/v2\/tags?post=437"}],"curies":[{"name":"wp","href":"https:\/\/api.w.org\/{rel}","templated":true}]}}