{"id":4336,"date":"2019-02-18T13:00:36","date_gmt":"2019-02-18T12:00:36","guid":{"rendered":"http:\/\/agora.xtec.cat\/iesmiquelbosch\/?p=4336"},"modified":"2019-02-18T13:01:21","modified_gmt":"2019-02-18T12:01:21","slug":"xv-certamen-de-lectura-en-veu-alta","status":"publish","type":"post","link":"https:\/\/agora.xtec.cat\/iesmiquelbosch\/general\/xv-certamen-de-lectura-en-veu-alta\/","title":{"rendered":"XV Certamen de Lectura en Veu Alta"},"content":{"rendered":"<p><strong>FASE CENTRE EDUCATIU<\/strong><br \/>\nDonem les gr\u00e0cies a tots els alumnes que heu participat en el proc\u00e9s de selecci\u00f3 per al Certamen de Lectura en Veu Alta. Tots vosaltres heu demostrat una gran qualitat en la lectura de textos.<br \/>\n<strong>1r d\u2019ESO:<\/strong> Douaa el Berdhy, Carla Garcia Orozco, Laia G\u00f3mez Carrera, Aina Oliva Casas, Laura Ponsa Roca i Joan Rodoreda Trench.<br \/>\n<strong>2n d\u2019ESO:<\/strong> Erik Fabregas Soler, Nat\u00e0lia Fabregas Soler, Kevin Mosella Perpi\u00f1\u00e1n i Laia Vargas Subirana.<br \/>\n<strong>3r d\u2019ESO:<\/strong> Gina Plata Badia i N\u00e0dia Rodr\u00edguez<br \/>\n<strong>4t d\u2019ESO:<\/strong> Roger Anton Fit\u00e9, N\u00faria Jorba Bonastre, N\u00faria Sala Aym\u00e0 i Ferran Molas.<\/p>\n<p><strong>ALUMNES SELECCIONATS:<\/strong><br \/>\n<span style=\"text-decoration: underline;\">Categoria Corsaris<\/span><br \/>\nAina Oliva Casas<br \/>\nLaura Ponsa Roca (Reserva)<\/p>\n<p><span style=\"text-decoration: underline;\">Categoria Tropa de Corsaris<\/span><br \/>\nRoger Anton Fit\u00e9<br \/>\nN\u00faria Sala Aym\u00e0<br \/>\nFerran Soler Molas<br \/>\nN\u00e0dia Rodr\u00edguez Varela (Reserva)<\/p>\n<p>US DESITGEM MOLTA SORT EN LA FASE DE QUARTS DE FINAL A MANRESA!<\/p>\n","protected":false},"excerpt":{"rendered":"<p>FASE CENTRE EDUCATIU<br \/>\nDonem les gr\u00e0cies a tots els alumnes que heu participat en el proc\u00e9s de selecci\u00f3 per al Certamen de Lectura en Veu Alta. Tots vosaltres heu demostrat una gran qualitat en la lectura de textos.<br \/>\n1r d\u2019ESO: Douaa el Berdhy, Carla Garcia Orozco, Laia&hellip;  <a href=\"https:\/\/agora.xtec.cat\/iesmiquelbosch\/general\/xv-certamen-de-lectura-en-veu-alta\/\" title=\"Read XV Certamen de Lectura en Veu Alta\">Llegeix m\u00e9s\u00bb<\/a><\/p>\n","protected":false},"author":1,"featured_media":4337,"comment_status":"open","ping_status":"closed","sticky":false,"template":"","format":"standard","meta":{"_bbp_topic_count":0,"_bbp_reply_count":0,"_bbp_total_topic_count":0,"_bbp_total_reply_count":0,"_bbp_voice_count":0,"_bbp_anonymous_reply_count":0,"_bbp_topic_count_hidden":0,"_bbp_reply_count_hidden":0,"_bbp_forum_subforum_count":0,"footnotes":""},"categories":[1],"tags":[],"class_list":["post-4336","post","type-post","status-publish","format-standard","has-post-thumbnail","hentry","category-general"],"post_mailing_queue_ids":[],"_links":{"self":[{"href":"https:\/\/agora.xtec.cat\/iesmiquelbosch\/wp-json\/wp\/v2\/posts\/4336","targetHints":{"allow":["GET"]}}],"collection":[{"href":"https:\/\/agora.xtec.cat\/iesmiquelbosch\/wp-json\/wp\/v2\/posts"}],"about":[{"href":"https:\/\/agora.xtec.cat\/iesmiquelbosch\/wp-json\/wp\/v2\/types\/post"}],"author":[{"embeddable":true,"href":"https:\/\/agora.xtec.cat\/iesmiquelbosch\/wp-json\/wp\/v2\/users\/1"}],"replies":[{"embeddable":true,"href":"https:\/\/agora.xtec.cat\/iesmiquelbosch\/wp-json\/wp\/v2\/comments?post=4336"}],"version-history":[{"count":2,"href":"https:\/\/agora.xtec.cat\/iesmiquelbosch\/wp-json\/wp\/v2\/posts\/4336\/revisions"}],"predecessor-version":[{"id":4339,"href":"https:\/\/agora.xtec.cat\/iesmiquelbosch\/wp-json\/wp\/v2\/posts\/4336\/revisions\/4339"}],"wp:featuredmedia":[{"embeddable":true,"href":"https:\/\/agora.xtec.cat\/iesmiquelbosch\/wp-json\/wp\/v2\/media\/4337"}],"wp:attachment":[{"href":"https:\/\/agora.xtec.cat\/iesmiquelbosch\/wp-json\/wp\/v2\/media?parent=4336"}],"wp:term":[{"taxonomy":"category","embeddable":true,"href":"https:\/\/agora.xtec.cat\/iesmiquelbosch\/wp-json\/wp\/v2\/categories?post=4336"},{"taxonomy":"post_tag","embeddable":true,"href":"https:\/\/agora.xtec.cat\/iesmiquelbosch\/wp-json\/wp\/v2\/tags?post=4336"}],"curies":[{"name":"wp","href":"https:\/\/api.w.org\/{rel}","templated":true}]}}