{"id":4280,"date":"2019-02-05T17:51:06","date_gmt":"2019-02-05T16:51:06","guid":{"rendered":"http:\/\/agora.xtec.cat\/iesmiquelbosch\/?p=4280"},"modified":"2019-02-05T21:30:59","modified_gmt":"2019-02-05T20:30:59","slug":"museu-de-la-ciencia-i-la-tecnica-de-terrassa-2","status":"publish","type":"post","link":"https:\/\/agora.xtec.cat\/iesmiquelbosch\/general\/museu-de-la-ciencia-i-la-tecnica-de-terrassa-2\/","title":{"rendered":"Museu de la Ci\u00e8ncia i la T\u00e8cnica de Terrassa"},"content":{"rendered":"<p>Els alumnes de 3r d&#8217;ESO van anar al Museu de la Ci\u00e8ncia i la T\u00e8cnica de Terrassa l&#8217;1 de febrer, on van fer una visita guiada sobre energia i tamb\u00e9 una visita lliure pel sector t\u00e8xtil. Aprofitant que eren a Terrassa, van observar el disseny interior i exterior de la Casa Freixa, un edifici modernista d&#8217;inspiraci\u00f3 gaudiniana.<\/p>\n<p>Trobareu m\u00e9s fotografies a l&#8217;apartat habitual d&#8217;aquest web.<\/p>\n<p><a href=\"https:\/\/agora.xtec.cat\/iesmiquelbosch\/wp-content\/uploads\/usu626\/2019\/02\/DSC_0220.jpg\"><img loading=\"lazy\" decoding=\"async\" class=\"alignnone size-large wp-image-4282\" src=\"https:\/\/agora.xtec.cat\/iesmiquelbosch\/wp-content\/uploads\/usu626\/2019\/02\/DSC_0220-1024x680.jpg\" alt=\"\" width=\"1024\" height=\"680\" srcset=\"https:\/\/agora.xtec.cat\/iesmiquelbosch\/wp-content\/uploads\/usu626\/2019\/02\/DSC_0220-1024x680.jpg 1024w, https:\/\/agora.xtec.cat\/iesmiquelbosch\/wp-content\/uploads\/usu626\/2019\/02\/DSC_0220-300x199.jpg 300w, https:\/\/agora.xtec.cat\/iesmiquelbosch\/wp-content\/uploads\/usu626\/2019\/02\/DSC_0220-768x510.jpg 768w, https:\/\/agora.xtec.cat\/iesmiquelbosch\/wp-content\/uploads\/usu626\/2019\/02\/DSC_0220.jpg 1072w\" sizes=\"auto, (max-width: 1024px) 100vw, 1024px\" \/><\/a><\/p>\n<p>&nbsp;<\/p>\n","protected":false},"excerpt":{"rendered":"<p>Els alumnes de 3r d&#8217;ESO van anar al Museu de la Ci\u00e8ncia i la T\u00e8cnica de Terrassa l&#8217;1 de febrer, on van fer una visita guiada sobre energia i tamb\u00e9 una visita lliure pel sector t\u00e8xtil. Aprofitant que eren a Terrassa, van observar el disseny&hellip;  <a href=\"https:\/\/agora.xtec.cat\/iesmiquelbosch\/general\/museu-de-la-ciencia-i-la-tecnica-de-terrassa-2\/\" title=\"Read Museu de la Ci\u00e8ncia i la T\u00e8cnica de Terrassa\">Llegeix m\u00e9s\u00bb<\/a><\/p>\n","protected":false},"author":1,"featured_media":4282,"comment_status":"open","ping_status":"closed","sticky":false,"template":"","format":"standard","meta":{"_bbp_topic_count":0,"_bbp_reply_count":0,"_bbp_total_topic_count":0,"_bbp_total_reply_count":0,"_bbp_voice_count":0,"_bbp_anonymous_reply_count":0,"_bbp_topic_count_hidden":0,"_bbp_reply_count_hidden":0,"_bbp_forum_subforum_count":0,"footnotes":""},"categories":[1],"tags":[],"class_list":["post-4280","post","type-post","status-publish","format-standard","has-post-thumbnail","hentry","category-general"],"post_mailing_queue_ids":[],"_links":{"self":[{"href":"https:\/\/agora.xtec.cat\/iesmiquelbosch\/wp-json\/wp\/v2\/posts\/4280","targetHints":{"allow":["GET"]}}],"collection":[{"href":"https:\/\/agora.xtec.cat\/iesmiquelbosch\/wp-json\/wp\/v2\/posts"}],"about":[{"href":"https:\/\/agora.xtec.cat\/iesmiquelbosch\/wp-json\/wp\/v2\/types\/post"}],"author":[{"embeddable":true,"href":"https:\/\/agora.xtec.cat\/iesmiquelbosch\/wp-json\/wp\/v2\/users\/1"}],"replies":[{"embeddable":true,"href":"https:\/\/agora.xtec.cat\/iesmiquelbosch\/wp-json\/wp\/v2\/comments?post=4280"}],"version-history":[{"count":2,"href":"https:\/\/agora.xtec.cat\/iesmiquelbosch\/wp-json\/wp\/v2\/posts\/4280\/revisions"}],"predecessor-version":[{"id":4283,"href":"https:\/\/agora.xtec.cat\/iesmiquelbosch\/wp-json\/wp\/v2\/posts\/4280\/revisions\/4283"}],"wp:featuredmedia":[{"embeddable":true,"href":"https:\/\/agora.xtec.cat\/iesmiquelbosch\/wp-json\/wp\/v2\/media\/4282"}],"wp:attachment":[{"href":"https:\/\/agora.xtec.cat\/iesmiquelbosch\/wp-json\/wp\/v2\/media?parent=4280"}],"wp:term":[{"taxonomy":"category","embeddable":true,"href":"https:\/\/agora.xtec.cat\/iesmiquelbosch\/wp-json\/wp\/v2\/categories?post=4280"},{"taxonomy":"post_tag","embeddable":true,"href":"https:\/\/agora.xtec.cat\/iesmiquelbosch\/wp-json\/wp\/v2\/tags?post=4280"}],"curies":[{"name":"wp","href":"https:\/\/api.w.org\/{rel}","templated":true}]}}