{"id":3705,"date":"2018-04-13T10:44:21","date_gmt":"2018-04-13T08:44:21","guid":{"rendered":"http:\/\/agora.xtec.cat\/iesmiquelbosch\/?p=3705"},"modified":"2018-04-13T10:44:21","modified_gmt":"2018-04-13T08:44:21","slug":"ajut-colonies-dangles-estiu-2018-1r-i-2n-deso","status":"publish","type":"post","link":"https:\/\/agora.xtec.cat\/iesmiquelbosch\/general\/ajut-colonies-dangles-estiu-2018-1r-i-2n-deso\/","title":{"rendered":"AJUT COL\u00d2NIES D&#8217;ANGL\u00c8S ESTIU 2018. 1r i 2n d&#8217;ESO"},"content":{"rendered":"<p>S&#8217;ha convocat un ajut destinat a l&#8217;alumnat de 1r i 2n d&#8217;ESO, per al Programa de col\u00f2nies d&#8217;estiu 2018 en angl\u00e8s.<\/p>\n<p>TERMINI DE SOL\u00b7LICITUD: del 9 al 30 d&#8217;abril 2018.<\/p>\n<p>Cal complir els requisits seg\u00fcents:<\/p>\n<ul>\n<li>Estar matriculat en un centre p\u00fablic el present curs 2017\/18.<\/li>\n<li>Haver obtingut una nota mitja m\u00ednima de notable (7) durant el curs 2016\/17.<\/li>\n<li>Haver obtingut com a m\u00ednim un notable (7) en la nota final d&#8217;angl\u00e8s el curs 2016\/17.<\/li>\n<li>No haver gaudit d&#8217;aquest ajut en convocat\u00f2ries anteriors.<\/li>\n<\/ul>\n<p>Els alumnes amb NEE no hauran de tenir la nota m\u00ednima de notable, sin\u00f3 que podran optar amb un aprovat (5).<\/p>\n<p>Aquestes col\u00f2nies es faran durant el mes de juliol, dins la geografia espanyola, i es treballar\u00e0 sobretot l&#8217;angl\u00e8s oral.<\/p>\n<p>El trasllat al lloc de les col\u00f2nies i la\u00a0tornada\u00a0anir\u00e0 a c\u00e0rrec de la fam\u00edlia de l&#8217;alumne.<\/p>\n<p>Cal accedir al servei online de la p\u00e0gina del web del Ministerio que us adjuntem m\u00e9s avall per formalitzar la sol\u00b7licitud, a la qual caldr\u00e0 adjuntar\u00a0certificat de notes, certificat de matriculaci\u00f3 i consentiment legal (tamb\u00e9 el certificat de l&#8217;equip d&#8217;orientaci\u00f3, si \u00e9s el cas) segons models que trobareu al web.<\/p>\n<p>Podeu accedir a la informaci\u00f3 en els enlla\u00e7os seg\u00fcents:<\/p>\n<p>1r d&#8217;ESO: <a href=\"https:\/\/www.mecd.gob.es\/servicios-al-ciudadano-mecd\/catalogo\/educacion\/estudiantes\/becas-ayudas\/extraescolares\/colonias-vacaciones-1-eso.html\">Col\u00f2nies 1r ESO<\/a><\/p>\n<p>2n d&#8217;ESO: <a href=\"https:\/\/www.mecd.gob.es\/servicios-al-ciudadano-mecd\/catalogo\/educacion\/estudiantes\/becas-ayudas\/extraescolares\/colonias-vacaciones-2-eso.html\">Col\u00f2nies 2n ESO<\/a><\/p>\n<p>En aquest enlla\u00e7 trobareu tota la resoluci\u00f3: <a href=\"http:\/\/agora.xtec.cat\/iesmiquelbosch\/wp-content\/uploads\/usu626\/2018\/04\/Resoluci\u00f3-Col\u00f2nies-Angl\u00e8s-estiu-2018-1r-i-2n-ESO.pdf\">Resoluci\u00f3 Col\u00f2nies Angl\u00e8s estiu 2018 1r i 2n ESO<\/a><\/p>\n","protected":false},"excerpt":{"rendered":"<p>S&#8217;ha convocat un ajut destinat a l&#8217;alumnat de 1r i 2n d&#8217;ESO, per al Programa de col\u00f2nies d&#8217;estiu 2018 en angl\u00e8s.<br \/>\nTERMINI DE SOL\u00b7LICITUD: del 9 al 30 d&#8217;abril 2018.<br \/>\nCal complir els requisits seg\u00fcents:<\/p>\n<ul>\n<li>Estar matriculat en un centre p\u00fablic el present curs 2017\/18.<\/li>\n<li>Haver obtingut una nota&hellip;  <a href=\"https:\/\/agora.xtec.cat\/iesmiquelbosch\/general\/ajut-colonies-dangles-estiu-2018-1r-i-2n-deso\/\" title=\"Read AJUT COL\u00d2NIES D&#8217;ANGL\u00c8S ESTIU 2018. 1r i 2n d&#8217;ESO\">Llegeix m\u00e9s\u00bb<\/a><br \/>\n","protected":false},"author":33,"featured_media":0,"comment_status":"open","ping_status":"closed","sticky":false,"template":"","format":"standard","meta":{"_bbp_topic_count":0,"_bbp_reply_count":0,"_bbp_total_topic_count":0,"_bbp_total_reply_count":0,"_bbp_voice_count":0,"_bbp_anonymous_reply_count":0,"_bbp_topic_count_hidden":0,"_bbp_reply_count_hidden":0,"_bbp_forum_subforum_count":0,"footnotes":""},"categories":[1],"tags":[],"class_list":["post-3705","post","type-post","status-publish","format-standard","hentry","category-general"],"post_mailing_queue_ids":[],"_links":{"self":[{"href":"https:\/\/agora.xtec.cat\/iesmiquelbosch\/wp-json\/wp\/v2\/posts\/3705","targetHints":{"allow":["GET"]}}],"collection":[{"href":"https:\/\/agora.xtec.cat\/iesmiquelbosch\/wp-json\/wp\/v2\/posts"}],"about":[{"href":"https:\/\/agora.xtec.cat\/iesmiquelbosch\/wp-json\/wp\/v2\/types\/post"}],"author":[{"embeddable":true,"href":"https:\/\/agora.xtec.cat\/iesmiquelbosch\/wp-json\/wp\/v2\/users\/33"}],"replies":[{"embeddable":true,"href":"https:\/\/agora.xtec.cat\/iesmiquelbosch\/wp-json\/wp\/v2\/comments?post=3705"}],"version-history":[{"count":1,"href":"https:\/\/agora.xtec.cat\/iesmiquelbosch\/wp-json\/wp\/v2\/posts\/3705\/revisions"}],"predecessor-version":[{"id":3707,"href":"https:\/\/agora.xtec.cat\/iesmiquelbosch\/wp-json\/wp\/v2\/posts\/3705\/revisions\/3707"}],"wp:attachment":[{"href":"https:\/\/agora.xtec.cat\/iesmiquelbosch\/wp-json\/wp\/v2\/media?parent=3705"}],"wp:term":[{"taxonomy":"category","embeddable":true,"href":"https:\/\/agora.xtec.cat\/iesmiquelbosch\/wp-json\/wp\/v2\/categories?post=3705"},{"taxonomy":"post_tag","embeddable":true,"href":"https:\/\/agora.xtec.cat\/iesmiquelbosch\/wp-json\/wp\/v2\/tags?post=3705"}],"curies":[{"name":"wp","href":"https:\/\/api.w.org\/{rel}","templated":true}]}}