{"id":3499,"date":"2018-02-14T14:22:49","date_gmt":"2018-02-14T13:22:49","guid":{"rendered":"http:\/\/agora.xtec.cat\/iesmiquelbosch\/?p=3499"},"modified":"2018-02-16T09:59:38","modified_gmt":"2018-02-16T08:59:38","slug":"museu-ciencia-i-tecnica-de-terrassa","status":"publish","type":"post","link":"https:\/\/agora.xtec.cat\/iesmiquelbosch\/general\/museu-ciencia-i-tecnica-de-terrassa\/","title":{"rendered":"Museu Ci\u00e8ncia i T\u00e8cnica de Terrassa"},"content":{"rendered":"<p>El dimecres, 14 de febrer, els alumnes de 3r d&#8217;ESO van anar al Museu de la Ci\u00e8ncia i la T\u00e8cnica de Terrassa, on van fer una visita guiada sobre energia i tamb\u00e9 una visita lliure pel sector t\u00e8xtil. A la Casa Freixa, un edifici modernista de Terrassa, es van aturar tamb\u00e9 per observar la seva construcci\u00f3, tant exterior com interior.<\/p>\n<p>Aqu\u00ed us deixem un parell de fotografies. Ja sabeu que en trobareu m\u00e9s a l&#8217;apartat habitual d&#8217;aquest web.<\/p>\n<p><a href=\"http:\/\/agora.xtec.cat\/iesmiquelbosch\/wp-content\/uploads\/usu626\/2018\/02\/DSC_0354-Copiar.jpg\"><img loading=\"lazy\" decoding=\"async\" class=\"alignnone size-large wp-image-3503\" src=\"http:\/\/agora.xtec.cat\/iesmiquelbosch\/wp-content\/uploads\/usu626\/2018\/02\/DSC_0354-Copiar-1024x683.jpg\" alt=\"\" width=\"1024\" height=\"683\" srcset=\"https:\/\/agora.xtec.cat\/iesmiquelbosch\/wp-content\/uploads\/usu626\/2018\/02\/DSC_0354-Copiar-1024x683.jpg 1024w, https:\/\/agora.xtec.cat\/iesmiquelbosch\/wp-content\/uploads\/usu626\/2018\/02\/DSC_0354-Copiar-300x200.jpg 300w, https:\/\/agora.xtec.cat\/iesmiquelbosch\/wp-content\/uploads\/usu626\/2018\/02\/DSC_0354-Copiar-768x512.jpg 768w, https:\/\/agora.xtec.cat\/iesmiquelbosch\/wp-content\/uploads\/usu626\/2018\/02\/DSC_0354-Copiar.jpg 1152w\" sizes=\"auto, (max-width: 1024px) 100vw, 1024px\" \/><\/a> <a href=\"http:\/\/agora.xtec.cat\/iesmiquelbosch\/wp-content\/uploads\/usu626\/2018\/02\/DSC_0564-Copiar.jpg\"><img loading=\"lazy\" decoding=\"async\" class=\"alignnone size-large wp-image-3504\" src=\"http:\/\/agora.xtec.cat\/iesmiquelbosch\/wp-content\/uploads\/usu626\/2018\/02\/DSC_0564-Copiar-1024x683.jpg\" alt=\"\" width=\"1024\" height=\"683\" srcset=\"https:\/\/agora.xtec.cat\/iesmiquelbosch\/wp-content\/uploads\/usu626\/2018\/02\/DSC_0564-Copiar-1024x683.jpg 1024w, https:\/\/agora.xtec.cat\/iesmiquelbosch\/wp-content\/uploads\/usu626\/2018\/02\/DSC_0564-Copiar-300x200.jpg 300w, https:\/\/agora.xtec.cat\/iesmiquelbosch\/wp-content\/uploads\/usu626\/2018\/02\/DSC_0564-Copiar-768x512.jpg 768w, https:\/\/agora.xtec.cat\/iesmiquelbosch\/wp-content\/uploads\/usu626\/2018\/02\/DSC_0564-Copiar.jpg 1152w\" sizes=\"auto, (max-width: 1024px) 100vw, 1024px\" \/><\/a><\/p>\n<p>&nbsp;<\/p>\n","protected":false},"excerpt":{"rendered":"<p>El dimecres, 14 de febrer, els alumnes de 3r d&#8217;ESO van anar al Museu de la Ci\u00e8ncia i la T\u00e8cnica de Terrassa, on van fer una visita guiada sobre energia i tamb\u00e9 una visita lliure pel sector t\u00e8xtil. A la Casa Freixa, un edifici modernista&hellip;  <a href=\"https:\/\/agora.xtec.cat\/iesmiquelbosch\/general\/museu-ciencia-i-tecnica-de-terrassa\/\" title=\"Read Museu Ci\u00e8ncia i T\u00e8cnica de Terrassa\">Llegeix m\u00e9s\u00bb<\/a><\/p>\n","protected":false},"author":1,"featured_media":3503,"comment_status":"open","ping_status":"closed","sticky":false,"template":"","format":"standard","meta":{"_bbp_topic_count":0,"_bbp_reply_count":0,"_bbp_total_topic_count":0,"_bbp_total_reply_count":0,"_bbp_voice_count":0,"_bbp_anonymous_reply_count":0,"_bbp_topic_count_hidden":0,"_bbp_reply_count_hidden":0,"_bbp_forum_subforum_count":0,"footnotes":""},"categories":[1],"tags":[],"class_list":["post-3499","post","type-post","status-publish","format-standard","has-post-thumbnail","hentry","category-general"],"post_mailing_queue_ids":[],"_links":{"self":[{"href":"https:\/\/agora.xtec.cat\/iesmiquelbosch\/wp-json\/wp\/v2\/posts\/3499","targetHints":{"allow":["GET"]}}],"collection":[{"href":"https:\/\/agora.xtec.cat\/iesmiquelbosch\/wp-json\/wp\/v2\/posts"}],"about":[{"href":"https:\/\/agora.xtec.cat\/iesmiquelbosch\/wp-json\/wp\/v2\/types\/post"}],"author":[{"embeddable":true,"href":"https:\/\/agora.xtec.cat\/iesmiquelbosch\/wp-json\/wp\/v2\/users\/1"}],"replies":[{"embeddable":true,"href":"https:\/\/agora.xtec.cat\/iesmiquelbosch\/wp-json\/wp\/v2\/comments?post=3499"}],"version-history":[{"count":3,"href":"https:\/\/agora.xtec.cat\/iesmiquelbosch\/wp-json\/wp\/v2\/posts\/3499\/revisions"}],"predecessor-version":[{"id":3506,"href":"https:\/\/agora.xtec.cat\/iesmiquelbosch\/wp-json\/wp\/v2\/posts\/3499\/revisions\/3506"}],"wp:featuredmedia":[{"embeddable":true,"href":"https:\/\/agora.xtec.cat\/iesmiquelbosch\/wp-json\/wp\/v2\/media\/3503"}],"wp:attachment":[{"href":"https:\/\/agora.xtec.cat\/iesmiquelbosch\/wp-json\/wp\/v2\/media?parent=3499"}],"wp:term":[{"taxonomy":"category","embeddable":true,"href":"https:\/\/agora.xtec.cat\/iesmiquelbosch\/wp-json\/wp\/v2\/categories?post=3499"},{"taxonomy":"post_tag","embeddable":true,"href":"https:\/\/agora.xtec.cat\/iesmiquelbosch\/wp-json\/wp\/v2\/tags?post=3499"}],"curies":[{"name":"wp","href":"https:\/\/api.w.org\/{rel}","templated":true}]}}