{"id":2971,"date":"2017-04-18T15:39:32","date_gmt":"2017-04-18T13:39:32","guid":{"rendered":"http:\/\/agora.xtec.cat\/iesmiquelbosch\/?p=2971"},"modified":"2017-04-18T15:40:02","modified_gmt":"2017-04-18T13:40:02","slug":"cuina-supervivencia","status":"publish","type":"post","link":"https:\/\/agora.xtec.cat\/iesmiquelbosch\/general\/cuina-supervivencia\/","title":{"rendered":"Cuina superviv\u00e8ncia"},"content":{"rendered":"<p>El 6 d&#8217;abril els alumnes de 2n BTX van fer pr\u00e0ctiques de cuina en el ja cl\u00e0ssic taller de Cuina de superviv\u00e8ncia. Esperem que s&#8217;animin a fer-los de nou, tant si acaben, o no, anant a un pis compartit quan d&#8217;aqu\u00ed sis mesos molts d&#8217;ells se&#8217;n vagin a la universitat.<\/p>\n<p>Donem les gr\u00e0cies al David i a la Vane, que van venir a fer d&#8217;experts cuiners &#8220;supervivents&#8221;!<\/p>\n<p>Podeu veure m\u00e9s fotos a l&#8217;apartat habitual d&#8217;aquest web.<\/p>\n<p><a href=\"http:\/\/agora.xtec.cat\/iesmiquelbosch\/wp-content\/uploads\/usu626\/2017\/04\/IMG-20170411-WA0004.jpg\"><img loading=\"lazy\" decoding=\"async\" class=\"alignnone size-large wp-image-2972\" src=\"http:\/\/agora.xtec.cat\/iesmiquelbosch\/wp-content\/uploads\/usu626\/2017\/04\/IMG-20170411-WA0004-1024x1024.jpg\" alt=\"IMG-20170411-WA0004\" width=\"1024\" height=\"1024\" srcset=\"https:\/\/agora.xtec.cat\/iesmiquelbosch\/wp-content\/uploads\/usu626\/2017\/04\/IMG-20170411-WA0004-1024x1024.jpg 1024w, https:\/\/agora.xtec.cat\/iesmiquelbosch\/wp-content\/uploads\/usu626\/2017\/04\/IMG-20170411-WA0004-150x150.jpg 150w, https:\/\/agora.xtec.cat\/iesmiquelbosch\/wp-content\/uploads\/usu626\/2017\/04\/IMG-20170411-WA0004-300x300.jpg 300w, https:\/\/agora.xtec.cat\/iesmiquelbosch\/wp-content\/uploads\/usu626\/2017\/04\/IMG-20170411-WA0004-768x768.jpg 768w, https:\/\/agora.xtec.cat\/iesmiquelbosch\/wp-content\/uploads\/usu626\/2017\/04\/IMG-20170411-WA0004.jpg 1600w\" sizes=\"auto, (max-width: 1024px) 100vw, 1024px\" \/><\/a><\/p>\n<p>&nbsp;<\/p>\n","protected":false},"excerpt":{"rendered":"<p>El 6 d&#8217;abril els alumnes de 2n BTX van fer pr\u00e0ctiques de cuina en el ja cl\u00e0ssic taller de Cuina de superviv\u00e8ncia. Esperem que s&#8217;animin a fer-los de nou, tant si acaben, o no, anant a un pis compartit quan d&#8217;aqu\u00ed sis mesos molts d&#8217;ells&hellip;  <a href=\"https:\/\/agora.xtec.cat\/iesmiquelbosch\/general\/cuina-supervivencia\/\" title=\"Read Cuina superviv\u00e8ncia\">Llegeix m\u00e9s\u00bb<\/a><\/p>\n","protected":false},"author":1,"featured_media":2972,"comment_status":"open","ping_status":"open","sticky":false,"template":"","format":"standard","meta":{"_bbp_topic_count":0,"_bbp_reply_count":0,"_bbp_total_topic_count":0,"_bbp_total_reply_count":0,"_bbp_voice_count":0,"_bbp_anonymous_reply_count":0,"_bbp_topic_count_hidden":0,"_bbp_reply_count_hidden":0,"_bbp_forum_subforum_count":0,"footnotes":""},"categories":[1],"tags":[],"class_list":["post-2971","post","type-post","status-publish","format-standard","has-post-thumbnail","hentry","category-general"],"post_mailing_queue_ids":[],"_links":{"self":[{"href":"https:\/\/agora.xtec.cat\/iesmiquelbosch\/wp-json\/wp\/v2\/posts\/2971","targetHints":{"allow":["GET"]}}],"collection":[{"href":"https:\/\/agora.xtec.cat\/iesmiquelbosch\/wp-json\/wp\/v2\/posts"}],"about":[{"href":"https:\/\/agora.xtec.cat\/iesmiquelbosch\/wp-json\/wp\/v2\/types\/post"}],"author":[{"embeddable":true,"href":"https:\/\/agora.xtec.cat\/iesmiquelbosch\/wp-json\/wp\/v2\/users\/1"}],"replies":[{"embeddable":true,"href":"https:\/\/agora.xtec.cat\/iesmiquelbosch\/wp-json\/wp\/v2\/comments?post=2971"}],"version-history":[{"count":1,"href":"https:\/\/agora.xtec.cat\/iesmiquelbosch\/wp-json\/wp\/v2\/posts\/2971\/revisions"}],"predecessor-version":[{"id":2973,"href":"https:\/\/agora.xtec.cat\/iesmiquelbosch\/wp-json\/wp\/v2\/posts\/2971\/revisions\/2973"}],"wp:featuredmedia":[{"embeddable":true,"href":"https:\/\/agora.xtec.cat\/iesmiquelbosch\/wp-json\/wp\/v2\/media\/2972"}],"wp:attachment":[{"href":"https:\/\/agora.xtec.cat\/iesmiquelbosch\/wp-json\/wp\/v2\/media?parent=2971"}],"wp:term":[{"taxonomy":"category","embeddable":true,"href":"https:\/\/agora.xtec.cat\/iesmiquelbosch\/wp-json\/wp\/v2\/categories?post=2971"},{"taxonomy":"post_tag","embeddable":true,"href":"https:\/\/agora.xtec.cat\/iesmiquelbosch\/wp-json\/wp\/v2\/tags?post=2971"}],"curies":[{"name":"wp","href":"https:\/\/api.w.org\/{rel}","templated":true}]}}