{"id":2826,"date":"2017-01-31T22:43:20","date_gmt":"2017-01-31T21:43:20","guid":{"rendered":"http:\/\/agora.xtec.cat\/iesmiquelbosch\/?p=2826"},"modified":"2017-01-31T22:58:17","modified_gmt":"2017-01-31T21:58:17","slug":"taules-rodones-orientacio-2n-btx","status":"publish","type":"post","link":"https:\/\/agora.xtec.cat\/iesmiquelbosch\/general\/taules-rodones-orientacio-2n-btx\/","title":{"rendered":"Taules rodones orientaci\u00f3 2n BTX"},"content":{"rendered":"<p>Aquest curs hem engegat una activitat d&#8217;apropament a la universitat pels alumnes de 2n BTX. Des del 26 de gener fins al 10 de febrer, uns vint-i-cinc ex-alumnes del centre que actualment estan cursant tercer i quart dels seus estudis de grau vindran a explicar la seva experi\u00e8ncia universit\u00e0ria.<\/p>\n<p>Volem agrair molt sincerament a tots ells i elles que hagin volgut col\u00b7laborar amb nosaltres de forma totalment desinteressada. Sense vosaltres aix\u00f2 no hauria estat possible!<\/p>\n<p>Aqu\u00ed teniu la foto dels participants en les dues taules rodones que es van fer el 26 de gener: Jordi Caelles, Mireia Bellera, Laura Cererols, Marta Oliva, Lali Comas, Laia Oliva, Albert Vilanova, Ferran Barco i Silas Engler, que van venir a parlar d&#8217;ADE, publicitat i relacions p\u00fabliques, educaci\u00f3 prim\u00e0ria, periodisme, comptabilitat i finances, pedagogia i traducci\u00f3 i interpretaci\u00f3.<\/p>\n<p><a href=\"http:\/\/agora.xtec.cat\/iesmiquelbosch\/wp-content\/uploads\/usu626\/2017\/01\/IMG-20170126-WA0011.jpg\"><img loading=\"lazy\" decoding=\"async\" class=\"alignnone size-large wp-image-2829\" src=\"http:\/\/agora.xtec.cat\/iesmiquelbosch\/wp-content\/uploads\/usu626\/2017\/01\/IMG-20170126-WA0011-1024x768.jpg\" alt=\"img-20170126-wa0011\" width=\"1024\" height=\"768\" srcset=\"https:\/\/agora.xtec.cat\/iesmiquelbosch\/wp-content\/uploads\/usu626\/2017\/01\/IMG-20170126-WA0011-1024x768.jpg 1024w, https:\/\/agora.xtec.cat\/iesmiquelbosch\/wp-content\/uploads\/usu626\/2017\/01\/IMG-20170126-WA0011-300x225.jpg 300w, https:\/\/agora.xtec.cat\/iesmiquelbosch\/wp-content\/uploads\/usu626\/2017\/01\/IMG-20170126-WA0011-768x576.jpg 768w, https:\/\/agora.xtec.cat\/iesmiquelbosch\/wp-content\/uploads\/usu626\/2017\/01\/IMG-20170126-WA0011-200x150.jpg 200w, https:\/\/agora.xtec.cat\/iesmiquelbosch\/wp-content\/uploads\/usu626\/2017\/01\/IMG-20170126-WA0011.jpg 1600w\" sizes=\"auto, (max-width: 1024px) 100vw, 1024px\" \/><\/a><\/p>\n<p>&nbsp;<\/p>\n","protected":false},"excerpt":{"rendered":"<p>Aquest curs hem engegat una activitat d&#8217;apropament a la universitat pels alumnes de 2n BTX. Des del 26 de gener fins al 10 de febrer, uns vint-i-cinc ex-alumnes del centre que actualment estan cursant tercer i quart dels seus estudis de grau vindran a explicar&hellip;  <a href=\"https:\/\/agora.xtec.cat\/iesmiquelbosch\/general\/taules-rodones-orientacio-2n-btx\/\" title=\"Read Taules rodones orientaci\u00f3 2n BTX\">Llegeix m\u00e9s\u00bb<\/a><\/p>\n","protected":false},"author":1,"featured_media":2829,"comment_status":"open","ping_status":"open","sticky":false,"template":"","format":"standard","meta":{"_bbp_topic_count":0,"_bbp_reply_count":0,"_bbp_total_topic_count":0,"_bbp_total_reply_count":0,"_bbp_voice_count":0,"_bbp_anonymous_reply_count":0,"_bbp_topic_count_hidden":0,"_bbp_reply_count_hidden":0,"_bbp_forum_subforum_count":0,"footnotes":""},"categories":[1],"tags":[],"class_list":["post-2826","post","type-post","status-publish","format-standard","has-post-thumbnail","hentry","category-general"],"post_mailing_queue_ids":[],"_links":{"self":[{"href":"https:\/\/agora.xtec.cat\/iesmiquelbosch\/wp-json\/wp\/v2\/posts\/2826","targetHints":{"allow":["GET"]}}],"collection":[{"href":"https:\/\/agora.xtec.cat\/iesmiquelbosch\/wp-json\/wp\/v2\/posts"}],"about":[{"href":"https:\/\/agora.xtec.cat\/iesmiquelbosch\/wp-json\/wp\/v2\/types\/post"}],"author":[{"embeddable":true,"href":"https:\/\/agora.xtec.cat\/iesmiquelbosch\/wp-json\/wp\/v2\/users\/1"}],"replies":[{"embeddable":true,"href":"https:\/\/agora.xtec.cat\/iesmiquelbosch\/wp-json\/wp\/v2\/comments?post=2826"}],"version-history":[{"count":3,"href":"https:\/\/agora.xtec.cat\/iesmiquelbosch\/wp-json\/wp\/v2\/posts\/2826\/revisions"}],"predecessor-version":[{"id":2835,"href":"https:\/\/agora.xtec.cat\/iesmiquelbosch\/wp-json\/wp\/v2\/posts\/2826\/revisions\/2835"}],"wp:featuredmedia":[{"embeddable":true,"href":"https:\/\/agora.xtec.cat\/iesmiquelbosch\/wp-json\/wp\/v2\/media\/2829"}],"wp:attachment":[{"href":"https:\/\/agora.xtec.cat\/iesmiquelbosch\/wp-json\/wp\/v2\/media?parent=2826"}],"wp:term":[{"taxonomy":"category","embeddable":true,"href":"https:\/\/agora.xtec.cat\/iesmiquelbosch\/wp-json\/wp\/v2\/categories?post=2826"},{"taxonomy":"post_tag","embeddable":true,"href":"https:\/\/agora.xtec.cat\/iesmiquelbosch\/wp-json\/wp\/v2\/tags?post=2826"}],"curies":[{"name":"wp","href":"https:\/\/api.w.org\/{rel}","templated":true}]}}