{"id":15031,"date":"2026-03-08T19:44:12","date_gmt":"2026-03-08T18:44:12","guid":{"rendered":"https:\/\/agora.xtec.cat\/iesmiquelbosch\/?p=15031"},"modified":"2026-03-08T19:47:24","modified_gmt":"2026-03-08T18:47:24","slug":"taller-de-prevencio-de-drogodependencies","status":"publish","type":"post","link":"https:\/\/agora.xtec.cat\/iesmiquelbosch\/general\/taller-de-prevencio-de-drogodependencies\/","title":{"rendered":"Taller de prevenci\u00f3 de drogodepend\u00e8ncies"},"content":{"rendered":"<p>L&#8217;alumnat de 4t d&#8217;ESO i 2n de Batxillerat va assistir a un taller de prevenci\u00f3 de drogodepend\u00e8ncies el 25 de febrer.<\/p>\n<p>Durant el taller van con\u00e8ixer les pautes de consum responsables, algunes estrat\u00e8gies per afrontar riscos i els efectes que pot produir el consum de tabac, alcohol i altres subst\u00e0ncies que provoquen addicci\u00f3. Tamb\u00e9 van poder resoldre els seus dubtes en relaci\u00f3 al consum d&#8217;aquestes subst\u00e0ncies.<\/p>\n<p><img loading=\"lazy\" decoding=\"async\" class=\"alignleft size-full wp-image-15032\" src=\"https:\/\/agora.xtec.cat\/iesmiquelbosch\/wp-content\/uploads\/usu626\/2026\/03\/IMG_20260225_133713.jpg\" alt=\"\" width=\"820\" height=\"616\" srcset=\"https:\/\/agora.xtec.cat\/iesmiquelbosch\/wp-content\/uploads\/usu626\/2026\/03\/IMG_20260225_133713.jpg 820w, https:\/\/agora.xtec.cat\/iesmiquelbosch\/wp-content\/uploads\/usu626\/2026\/03\/IMG_20260225_133713-300x225.jpg 300w, https:\/\/agora.xtec.cat\/iesmiquelbosch\/wp-content\/uploads\/usu626\/2026\/03\/IMG_20260225_133713-768x577.jpg 768w, https:\/\/agora.xtec.cat\/iesmiquelbosch\/wp-content\/uploads\/usu626\/2026\/03\/IMG_20260225_133713-200x150.jpg 200w\" sizes=\"auto, (max-width: 820px) 100vw, 820px\" \/> <img loading=\"lazy\" decoding=\"async\" class=\"alignleft size-large wp-image-15033\" src=\"https:\/\/agora.xtec.cat\/iesmiquelbosch\/wp-content\/uploads\/usu626\/2026\/03\/IMG_20260225_133742.jpg\" alt=\"\" width=\"820\" height=\"616\" srcset=\"https:\/\/agora.xtec.cat\/iesmiquelbosch\/wp-content\/uploads\/usu626\/2026\/03\/IMG_20260225_133742.jpg 820w, https:\/\/agora.xtec.cat\/iesmiquelbosch\/wp-content\/uploads\/usu626\/2026\/03\/IMG_20260225_133742-300x225.jpg 300w, https:\/\/agora.xtec.cat\/iesmiquelbosch\/wp-content\/uploads\/usu626\/2026\/03\/IMG_20260225_133742-768x577.jpg 768w, https:\/\/agora.xtec.cat\/iesmiquelbosch\/wp-content\/uploads\/usu626\/2026\/03\/IMG_20260225_133742-200x150.jpg 200w\" sizes=\"auto, (max-width: 820px) 100vw, 820px\" \/><\/p>\n<p>&nbsp;<\/p>\n<p>&nbsp;<\/p>\n","protected":false},"excerpt":{"rendered":"<p>L&#8217;alumnat de 4t d&#8217;ESO i 2n de Batxillerat va assistir a un taller de prevenci\u00f3 de drogodepend\u00e8ncies el 25 de febrer.<br \/>\nDurant el taller van con\u00e8ixer les pautes de consum responsables, algunes estrat\u00e8gies per afrontar riscos i els efectes que pot produir el consum de tabac,&hellip;  <a href=\"https:\/\/agora.xtec.cat\/iesmiquelbosch\/general\/taller-de-prevencio-de-drogodependencies\/\" title=\"Read Taller de prevenci\u00f3 de drogodepend\u00e8ncies\">Llegeix m\u00e9s\u00bb<\/a><\/p>\n","protected":false},"author":1,"featured_media":15032,"comment_status":"closed","ping_status":"open","sticky":false,"template":"","format":"standard","meta":{"_bbp_topic_count":0,"_bbp_reply_count":0,"_bbp_total_topic_count":0,"_bbp_total_reply_count":0,"_bbp_voice_count":0,"_bbp_anonymous_reply_count":0,"_bbp_topic_count_hidden":0,"_bbp_reply_count_hidden":0,"_bbp_forum_subforum_count":0,"footnotes":""},"categories":[1],"tags":[],"class_list":["post-15031","post","type-post","status-publish","format-standard","has-post-thumbnail","hentry","category-general"],"post_mailing_queue_ids":[],"_links":{"self":[{"href":"https:\/\/agora.xtec.cat\/iesmiquelbosch\/wp-json\/wp\/v2\/posts\/15031","targetHints":{"allow":["GET"]}}],"collection":[{"href":"https:\/\/agora.xtec.cat\/iesmiquelbosch\/wp-json\/wp\/v2\/posts"}],"about":[{"href":"https:\/\/agora.xtec.cat\/iesmiquelbosch\/wp-json\/wp\/v2\/types\/post"}],"author":[{"embeddable":true,"href":"https:\/\/agora.xtec.cat\/iesmiquelbosch\/wp-json\/wp\/v2\/users\/1"}],"replies":[{"embeddable":true,"href":"https:\/\/agora.xtec.cat\/iesmiquelbosch\/wp-json\/wp\/v2\/comments?post=15031"}],"version-history":[{"count":2,"href":"https:\/\/agora.xtec.cat\/iesmiquelbosch\/wp-json\/wp\/v2\/posts\/15031\/revisions"}],"predecessor-version":[{"id":15035,"href":"https:\/\/agora.xtec.cat\/iesmiquelbosch\/wp-json\/wp\/v2\/posts\/15031\/revisions\/15035"}],"wp:featuredmedia":[{"embeddable":true,"href":"https:\/\/agora.xtec.cat\/iesmiquelbosch\/wp-json\/wp\/v2\/media\/15032"}],"wp:attachment":[{"href":"https:\/\/agora.xtec.cat\/iesmiquelbosch\/wp-json\/wp\/v2\/media?parent=15031"}],"wp:term":[{"taxonomy":"category","embeddable":true,"href":"https:\/\/agora.xtec.cat\/iesmiquelbosch\/wp-json\/wp\/v2\/categories?post=15031"},{"taxonomy":"post_tag","embeddable":true,"href":"https:\/\/agora.xtec.cat\/iesmiquelbosch\/wp-json\/wp\/v2\/tags?post=15031"}],"curies":[{"name":"wp","href":"https:\/\/api.w.org\/{rel}","templated":true}]}}