{"id":14999,"date":"2026-03-08T08:45:52","date_gmt":"2026-03-08T07:45:52","guid":{"rendered":"https:\/\/agora.xtec.cat\/iesmiquelbosch\/?p=14999"},"modified":"2026-03-08T08:45:52","modified_gmt":"2026-03-08T07:45:52","slug":"matematiques-a-lhort-quin-temps-fara","status":"publish","type":"post","link":"https:\/\/agora.xtec.cat\/iesmiquelbosch\/general\/matematiques-a-lhort-quin-temps-fara\/","title":{"rendered":"Matem\u00e0tiques a l&#8217;hort. Quin temps far\u00e0?"},"content":{"rendered":"<p>Els dies 10 i 11 de febrer, segons el grup, l&#8217;alumnat de 2n d&#8217;ESO va anar a la Casa de la Culla, on el Camp d\u2019Aprenentatge del Bages ofereix diferents activitats educatives.<\/p>\n<p>Les activitats que van fer els nostres alumnes van ser: &#8220;les matem\u00e0tiques a l&#8217;hort&#8221;, on van haver de dissenyar un hort, tot calculant les dist\u00e0ncies entre les plantes en funci\u00f3 de les seves necessitats, i &#8220;quin temps far\u00e0?&#8221;, que els va permetre con\u00e8ixer alguns conceptes relacionats amb l&#8217;\u00e0mbit de la meteorologia i saber quins\u00a0 instruments s&#8217;utilitzen per mesurar variables meteorol\u00f2giques, aix\u00ed com intentar fer una predicci\u00f3 del temps.<\/p>\n<p>Trobareu m\u00e9s fotos a l&#8217;apartat habitual d&#8217;aquest web.<\/p>\n<p><img loading=\"lazy\" decoding=\"async\" class=\"alignleft size-large wp-image-15005\" src=\"https:\/\/agora.xtec.cat\/iesmiquelbosch\/wp-content\/uploads\/usu626\/2026\/03\/IMG_6666.jpg\" alt=\"\" width=\"1008\" height=\"756\" srcset=\"https:\/\/agora.xtec.cat\/iesmiquelbosch\/wp-content\/uploads\/usu626\/2026\/03\/IMG_6666.jpg 1008w, https:\/\/agora.xtec.cat\/iesmiquelbosch\/wp-content\/uploads\/usu626\/2026\/03\/IMG_6666-300x225.jpg 300w, https:\/\/agora.xtec.cat\/iesmiquelbosch\/wp-content\/uploads\/usu626\/2026\/03\/IMG_6666-768x576.jpg 768w, https:\/\/agora.xtec.cat\/iesmiquelbosch\/wp-content\/uploads\/usu626\/2026\/03\/IMG_6666-200x150.jpg 200w\" sizes=\"auto, (max-width: 1008px) 100vw, 1008px\" \/> <img loading=\"lazy\" decoding=\"async\" class=\"alignleft size-large wp-image-15006\" src=\"https:\/\/agora.xtec.cat\/iesmiquelbosch\/wp-content\/uploads\/usu626\/2026\/03\/IMG_6668.jpg\" alt=\"\" width=\"1008\" height=\"756\" srcset=\"https:\/\/agora.xtec.cat\/iesmiquelbosch\/wp-content\/uploads\/usu626\/2026\/03\/IMG_6668.jpg 1008w, https:\/\/agora.xtec.cat\/iesmiquelbosch\/wp-content\/uploads\/usu626\/2026\/03\/IMG_6668-300x225.jpg 300w, https:\/\/agora.xtec.cat\/iesmiquelbosch\/wp-content\/uploads\/usu626\/2026\/03\/IMG_6668-768x576.jpg 768w, https:\/\/agora.xtec.cat\/iesmiquelbosch\/wp-content\/uploads\/usu626\/2026\/03\/IMG_6668-200x150.jpg 200w\" sizes=\"auto, (max-width: 1008px) 100vw, 1008px\" \/><\/p>\n<p><img loading=\"lazy\" decoding=\"async\" class=\"alignleft size-large wp-image-15003\" src=\"https:\/\/agora.xtec.cat\/iesmiquelbosch\/wp-content\/uploads\/usu626\/2026\/03\/IMG_6664-768x1024.jpg\" alt=\"\" width=\"768\" height=\"1024\" srcset=\"https:\/\/agora.xtec.cat\/iesmiquelbosch\/wp-content\/uploads\/usu626\/2026\/03\/IMG_6664-768x1024.jpg 768w, https:\/\/agora.xtec.cat\/iesmiquelbosch\/wp-content\/uploads\/usu626\/2026\/03\/IMG_6664-225x300.jpg 225w, https:\/\/agora.xtec.cat\/iesmiquelbosch\/wp-content\/uploads\/usu626\/2026\/03\/IMG_6664-1152x1536.jpg 1152w, https:\/\/agora.xtec.cat\/iesmiquelbosch\/wp-content\/uploads\/usu626\/2026\/03\/IMG_6664-1536x2048.jpg 1536w, https:\/\/agora.xtec.cat\/iesmiquelbosch\/wp-content\/uploads\/usu626\/2026\/03\/IMG_6664-scaled.jpg 1920w\" sizes=\"auto, (max-width: 768px) 100vw, 768px\" \/> <img loading=\"lazy\" decoding=\"async\" class=\"alignleft size-large wp-image-15004\" src=\"https:\/\/agora.xtec.cat\/iesmiquelbosch\/wp-content\/uploads\/usu626\/2026\/03\/IMG_6654-1024x768.jpg\" alt=\"\" width=\"1024\" height=\"768\" srcset=\"https:\/\/agora.xtec.cat\/iesmiquelbosch\/wp-content\/uploads\/usu626\/2026\/03\/IMG_6654-1024x768.jpg 1024w, https:\/\/agora.xtec.cat\/iesmiquelbosch\/wp-content\/uploads\/usu626\/2026\/03\/IMG_6654-300x225.jpg 300w, https:\/\/agora.xtec.cat\/iesmiquelbosch\/wp-content\/uploads\/usu626\/2026\/03\/IMG_6654-768x576.jpg 768w, https:\/\/agora.xtec.cat\/iesmiquelbosch\/wp-content\/uploads\/usu626\/2026\/03\/IMG_6654-1536x1152.jpg 1536w, https:\/\/agora.xtec.cat\/iesmiquelbosch\/wp-content\/uploads\/usu626\/2026\/03\/IMG_6654-2048x1536.jpg 2048w, https:\/\/agora.xtec.cat\/iesmiquelbosch\/wp-content\/uploads\/usu626\/2026\/03\/IMG_6654-200x150.jpg 200w\" sizes=\"auto, (max-width: 1024px) 100vw, 1024px\" \/><\/p>\n<p><img loading=\"lazy\" decoding=\"async\" class=\"size-large wp-image-15002\" src=\"https:\/\/agora.xtec.cat\/iesmiquelbosch\/wp-content\/uploads\/usu626\/2026\/03\/IMG20260210084502-1024x768.jpg\" alt=\"\" width=\"1024\" height=\"768\" srcset=\"https:\/\/agora.xtec.cat\/iesmiquelbosch\/wp-content\/uploads\/usu626\/2026\/03\/IMG20260210084502-1024x768.jpg 1024w, https:\/\/agora.xtec.cat\/iesmiquelbosch\/wp-content\/uploads\/usu626\/2026\/03\/IMG20260210084502-300x225.jpg 300w, https:\/\/agora.xtec.cat\/iesmiquelbosch\/wp-content\/uploads\/usu626\/2026\/03\/IMG20260210084502-768x576.jpg 768w, https:\/\/agora.xtec.cat\/iesmiquelbosch\/wp-content\/uploads\/usu626\/2026\/03\/IMG20260210084502-200x150.jpg 200w, https:\/\/agora.xtec.cat\/iesmiquelbosch\/wp-content\/uploads\/usu626\/2026\/03\/IMG20260210084502.jpg 1040w\" sizes=\"auto, (max-width: 1024px) 100vw, 1024px\" \/><\/p>\n<figure class=\"figure wp-caption alignleft\"><img loading=\"lazy\" decoding=\"async\" class=\"size-large wp-image-15001\" src=\"https:\/\/agora.xtec.cat\/iesmiquelbosch\/wp-content\/uploads\/usu626\/2026\/03\/IMG20260210083634-1024x768.jpg\" alt=\"\" width=\"1024\" height=\"768\" srcset=\"https:\/\/agora.xtec.cat\/iesmiquelbosch\/wp-content\/uploads\/usu626\/2026\/03\/IMG20260210083634-1024x768.jpg 1024w, https:\/\/agora.xtec.cat\/iesmiquelbosch\/wp-content\/uploads\/usu626\/2026\/03\/IMG20260210083634-300x225.jpg 300w, https:\/\/agora.xtec.cat\/iesmiquelbosch\/wp-content\/uploads\/usu626\/2026\/03\/IMG20260210083634-768x576.jpg 768w, https:\/\/agora.xtec.cat\/iesmiquelbosch\/wp-content\/uploads\/usu626\/2026\/03\/IMG20260210083634-200x150.jpg 200w, https:\/\/agora.xtec.cat\/iesmiquelbosch\/wp-content\/uploads\/usu626\/2026\/03\/IMG20260210083634.jpg 1040w\" sizes=\"auto, (max-width: 1024px) 100vw, 1024px\" \/><figcaption class=\"wp-caption-text\">oppo_32<\/figcaption><\/figure>\n","protected":false},"excerpt":{"rendered":"<p>Els dies 10 i 11 de febrer, segons el grup, l&#8217;alumnat de 2n d&#8217;ESO va anar a la Casa de la Culla, on el Camp d\u2019Aprenentatge del Bages ofereix diferents activitats educatives.<br \/>\nLes activitats que van fer els nostres alumnes van ser: &#8220;les matem\u00e0tiques a l&#8217;hort&#8221;,&hellip;  <a href=\"https:\/\/agora.xtec.cat\/iesmiquelbosch\/general\/matematiques-a-lhort-quin-temps-fara\/\" title=\"Read Matem\u00e0tiques a l&#8217;hort. Quin temps far\u00e0?\">Llegeix m\u00e9s\u00bb<\/a><\/p>\n","protected":false},"author":1,"featured_media":15003,"comment_status":"closed","ping_status":"open","sticky":false,"template":"","format":"standard","meta":{"_bbp_topic_count":0,"_bbp_reply_count":0,"_bbp_total_topic_count":0,"_bbp_total_reply_count":0,"_bbp_voice_count":0,"_bbp_anonymous_reply_count":0,"_bbp_topic_count_hidden":0,"_bbp_reply_count_hidden":0,"_bbp_forum_subforum_count":0,"footnotes":""},"categories":[1],"tags":[],"class_list":["post-14999","post","type-post","status-publish","format-standard","has-post-thumbnail","hentry","category-general"],"post_mailing_queue_ids":[],"_links":{"self":[{"href":"https:\/\/agora.xtec.cat\/iesmiquelbosch\/wp-json\/wp\/v2\/posts\/14999","targetHints":{"allow":["GET"]}}],"collection":[{"href":"https:\/\/agora.xtec.cat\/iesmiquelbosch\/wp-json\/wp\/v2\/posts"}],"about":[{"href":"https:\/\/agora.xtec.cat\/iesmiquelbosch\/wp-json\/wp\/v2\/types\/post"}],"author":[{"embeddable":true,"href":"https:\/\/agora.xtec.cat\/iesmiquelbosch\/wp-json\/wp\/v2\/users\/1"}],"replies":[{"embeddable":true,"href":"https:\/\/agora.xtec.cat\/iesmiquelbosch\/wp-json\/wp\/v2\/comments?post=14999"}],"version-history":[{"count":1,"href":"https:\/\/agora.xtec.cat\/iesmiquelbosch\/wp-json\/wp\/v2\/posts\/14999\/revisions"}],"predecessor-version":[{"id":15007,"href":"https:\/\/agora.xtec.cat\/iesmiquelbosch\/wp-json\/wp\/v2\/posts\/14999\/revisions\/15007"}],"wp:featuredmedia":[{"embeddable":true,"href":"https:\/\/agora.xtec.cat\/iesmiquelbosch\/wp-json\/wp\/v2\/media\/15003"}],"wp:attachment":[{"href":"https:\/\/agora.xtec.cat\/iesmiquelbosch\/wp-json\/wp\/v2\/media?parent=14999"}],"wp:term":[{"taxonomy":"category","embeddable":true,"href":"https:\/\/agora.xtec.cat\/iesmiquelbosch\/wp-json\/wp\/v2\/categories?post=14999"},{"taxonomy":"post_tag","embeddable":true,"href":"https:\/\/agora.xtec.cat\/iesmiquelbosch\/wp-json\/wp\/v2\/tags?post=14999"}],"curies":[{"name":"wp","href":"https:\/\/api.w.org\/{rel}","templated":true}]}}