{"id":14207,"date":"2025-06-11T00:07:18","date_gmt":"2025-06-10T22:07:18","guid":{"rendered":"https:\/\/agora.xtec.cat\/iesmiquelbosch\/?p=14207"},"modified":"2025-06-11T00:07:18","modified_gmt":"2025-06-10T22:07:18","slug":"taller-autoproteccio-i-primers-auxilis-basics","status":"publish","type":"post","link":"https:\/\/agora.xtec.cat\/iesmiquelbosch\/general\/taller-autoproteccio-i-primers-auxilis-basics\/","title":{"rendered":"Taller autoprotecci\u00f3 i primers auxilis b\u00e0sics"},"content":{"rendered":"<p>El dia 6 de juny, l&#8217;alumnat que cursa 4t d&#8217;ESO va fer un taller d&#8217;autoprotecci\u00f3 i primers auxilis b\u00e0sics. En aquest taller van con\u00e8ixer el protocol PAS (protegir, avisar i soc\u00f3rrer), que s&#8217;utilitza per proporcionar ajuda a altres persones en cas d&#8217;accident, infart o altres situacions en qu\u00e8 la resposta r\u00e0pida i efica\u00e7 pugui salvar vides. A m\u00e9s, van poder posar en pr\u00e0ctica alguns dels coneixements adquirits.<\/p>\n<p>Trobareu m\u00e9s fotos a l&#8217;apartat habitual d&#8217;aquesta p\u00e0gina web.<\/p>\n<p><a href=\"https:\/\/agora.xtec.cat\/iesmiquelbosch\/wp-content\/uploads\/usu626\/2025\/06\/IMG_0556-2.jpg\"><img loading=\"lazy\" decoding=\"async\" class=\"alignleft size-full wp-image-14208\" src=\"https:\/\/agora.xtec.cat\/iesmiquelbosch\/wp-content\/uploads\/usu626\/2025\/06\/IMG_0556-2.jpg\" alt=\"\" width=\"756\" height=\"1008\" srcset=\"https:\/\/agora.xtec.cat\/iesmiquelbosch\/wp-content\/uploads\/usu626\/2025\/06\/IMG_0556-2.jpg 756w, https:\/\/agora.xtec.cat\/iesmiquelbosch\/wp-content\/uploads\/usu626\/2025\/06\/IMG_0556-2-225x300.jpg 225w\" sizes=\"auto, (max-width: 756px) 100vw, 756px\" \/><\/a> <a href=\"https:\/\/agora.xtec.cat\/iesmiquelbosch\/wp-content\/uploads\/usu626\/2025\/06\/IMG_0558-2.jpg\"><img loading=\"lazy\" decoding=\"async\" class=\"alignleft size-full wp-image-14209\" src=\"https:\/\/agora.xtec.cat\/iesmiquelbosch\/wp-content\/uploads\/usu626\/2025\/06\/IMG_0558-2.jpg\" alt=\"\" width=\"1008\" height=\"756\" srcset=\"https:\/\/agora.xtec.cat\/iesmiquelbosch\/wp-content\/uploads\/usu626\/2025\/06\/IMG_0558-2.jpg 1008w, https:\/\/agora.xtec.cat\/iesmiquelbosch\/wp-content\/uploads\/usu626\/2025\/06\/IMG_0558-2-300x225.jpg 300w, https:\/\/agora.xtec.cat\/iesmiquelbosch\/wp-content\/uploads\/usu626\/2025\/06\/IMG_0558-2-768x576.jpg 768w, https:\/\/agora.xtec.cat\/iesmiquelbosch\/wp-content\/uploads\/usu626\/2025\/06\/IMG_0558-2-200x150.jpg 200w\" sizes=\"auto, (max-width: 1008px) 100vw, 1008px\" \/><\/a> <a href=\"https:\/\/agora.xtec.cat\/iesmiquelbosch\/wp-content\/uploads\/usu626\/2025\/06\/IMG_0562-2.jpg\"><img loading=\"lazy\" decoding=\"async\" class=\"alignleft size-full wp-image-14210\" src=\"https:\/\/agora.xtec.cat\/iesmiquelbosch\/wp-content\/uploads\/usu626\/2025\/06\/IMG_0562-2.jpg\" alt=\"\" width=\"756\" height=\"1008\" srcset=\"https:\/\/agora.xtec.cat\/iesmiquelbosch\/wp-content\/uploads\/usu626\/2025\/06\/IMG_0562-2.jpg 756w, https:\/\/agora.xtec.cat\/iesmiquelbosch\/wp-content\/uploads\/usu626\/2025\/06\/IMG_0562-2-225x300.jpg 225w\" sizes=\"auto, (max-width: 756px) 100vw, 756px\" \/><\/a><\/p>\n","protected":false},"excerpt":{"rendered":"<p>El dia 6 de juny, l&#8217;alumnat que cursa 4t d&#8217;ESO va fer un taller d&#8217;autoprotecci\u00f3 i primers auxilis b\u00e0sics. En aquest taller van con\u00e8ixer el protocol PAS (protegir, avisar i soc\u00f3rrer), que s&#8217;utilitza per proporcionar ajuda a altres persones en cas d&#8217;accident, infart o altres&hellip;  <a href=\"https:\/\/agora.xtec.cat\/iesmiquelbosch\/general\/taller-autoproteccio-i-primers-auxilis-basics\/\" title=\"Read Taller autoprotecci\u00f3 i primers auxilis b\u00e0sics\">Llegeix m\u00e9s\u00bb<\/a><\/p>\n","protected":false},"author":1,"featured_media":14209,"comment_status":"closed","ping_status":"open","sticky":false,"template":"","format":"standard","meta":{"_bbp_topic_count":0,"_bbp_reply_count":0,"_bbp_total_topic_count":0,"_bbp_total_reply_count":0,"_bbp_voice_count":0,"_bbp_anonymous_reply_count":0,"_bbp_topic_count_hidden":0,"_bbp_reply_count_hidden":0,"_bbp_forum_subforum_count":0,"footnotes":""},"categories":[1],"tags":[],"class_list":["post-14207","post","type-post","status-publish","format-standard","has-post-thumbnail","hentry","category-general"],"post_mailing_queue_ids":[],"_links":{"self":[{"href":"https:\/\/agora.xtec.cat\/iesmiquelbosch\/wp-json\/wp\/v2\/posts\/14207","targetHints":{"allow":["GET"]}}],"collection":[{"href":"https:\/\/agora.xtec.cat\/iesmiquelbosch\/wp-json\/wp\/v2\/posts"}],"about":[{"href":"https:\/\/agora.xtec.cat\/iesmiquelbosch\/wp-json\/wp\/v2\/types\/post"}],"author":[{"embeddable":true,"href":"https:\/\/agora.xtec.cat\/iesmiquelbosch\/wp-json\/wp\/v2\/users\/1"}],"replies":[{"embeddable":true,"href":"https:\/\/agora.xtec.cat\/iesmiquelbosch\/wp-json\/wp\/v2\/comments?post=14207"}],"version-history":[{"count":1,"href":"https:\/\/agora.xtec.cat\/iesmiquelbosch\/wp-json\/wp\/v2\/posts\/14207\/revisions"}],"predecessor-version":[{"id":14211,"href":"https:\/\/agora.xtec.cat\/iesmiquelbosch\/wp-json\/wp\/v2\/posts\/14207\/revisions\/14211"}],"wp:featuredmedia":[{"embeddable":true,"href":"https:\/\/agora.xtec.cat\/iesmiquelbosch\/wp-json\/wp\/v2\/media\/14209"}],"wp:attachment":[{"href":"https:\/\/agora.xtec.cat\/iesmiquelbosch\/wp-json\/wp\/v2\/media?parent=14207"}],"wp:term":[{"taxonomy":"category","embeddable":true,"href":"https:\/\/agora.xtec.cat\/iesmiquelbosch\/wp-json\/wp\/v2\/categories?post=14207"},{"taxonomy":"post_tag","embeddable":true,"href":"https:\/\/agora.xtec.cat\/iesmiquelbosch\/wp-json\/wp\/v2\/tags?post=14207"}],"curies":[{"name":"wp","href":"https:\/\/api.w.org\/{rel}","templated":true}]}}