{"id":13897,"date":"2025-04-25T07:46:00","date_gmt":"2025-04-25T05:46:00","guid":{"rendered":"https:\/\/agora.xtec.cat\/iesmiquelbosch\/?p=13897"},"modified":"2025-04-25T13:16:34","modified_gmt":"2025-04-25T11:16:34","slug":"taller-mecatronica-i-itinerari-literari-uvic","status":"publish","type":"post","link":"https:\/\/agora.xtec.cat\/iesmiquelbosch\/general\/taller-mecatronica-i-itinerari-literari-uvic\/","title":{"rendered":"Taller mecatr\u00f2nica i itinerari literari UVic"},"content":{"rendered":"<p>L&#8217;1 d&#8217;abril, l&#8217;alumnat que cursa les mat\u00e8ries de Tecnologia i Enginyeria i de Literatura catalana de 2n de Batxillerat van anar a la UVic.<\/p>\n<p>All\u00e0 van assistir a una xerrada informativa conjunta i despr\u00e9s es van dividir per modalitats per fer activitats m\u00e9s espec\u00edfiques. Els tecn\u00f2legs van fer un taller de mecatr\u00f2nica al Laboratori d\u2019Autom\u00e0tica Industrial de l\u2019Escola Polit\u00e8cnica Superior d&#8217;aquesta universitat, mentre que l&#8217;alumnat que fa Literatura catalana va fer un itinerari literari per Vic, trepitjant alguns dels escenaris on t\u00e9 lloc l&#8217;obra <em>Laura a la ciutat dels sants<\/em>, de Miquel Llor, com per exemple, l&#8217;edifici que inspir\u00e0 el casal dels Muntanyola, actualment seu d&#8217;Aig\u00fces Vic.<\/p>\n<p>Trobareu m\u00e9s fotos a l&#8217;apartat habitual d&#8217;aquesta p\u00e0gina web.<\/p>\n<p><a href=\"https:\/\/agora.xtec.cat\/iesmiquelbosch\/wp-content\/uploads\/usu626\/2025\/04\/1745557975306.jpg\"><img loading=\"lazy\" decoding=\"async\" class=\"alignleft size-full wp-image-13899\" src=\"https:\/\/agora.xtec.cat\/iesmiquelbosch\/wp-content\/uploads\/usu626\/2025\/04\/1745557975306.jpg\" alt=\"\" width=\"2048\" height=\"1088\" srcset=\"https:\/\/agora.xtec.cat\/iesmiquelbosch\/wp-content\/uploads\/usu626\/2025\/04\/1745557975306.jpg 2048w, https:\/\/agora.xtec.cat\/iesmiquelbosch\/wp-content\/uploads\/usu626\/2025\/04\/1745557975306-300x159.jpg 300w, https:\/\/agora.xtec.cat\/iesmiquelbosch\/wp-content\/uploads\/usu626\/2025\/04\/1745557975306-1024x544.jpg 1024w, https:\/\/agora.xtec.cat\/iesmiquelbosch\/wp-content\/uploads\/usu626\/2025\/04\/1745557975306-768x408.jpg 768w, https:\/\/agora.xtec.cat\/iesmiquelbosch\/wp-content\/uploads\/usu626\/2025\/04\/1745557975306-1536x816.jpg 1536w\" sizes=\"auto, (max-width: 2048px) 100vw, 2048px\" \/><\/a><\/p>\n<p><a href=\"https:\/\/agora.xtec.cat\/iesmiquelbosch\/wp-content\/uploads\/usu626\/2025\/04\/1745558001991.jpg\"><img loading=\"lazy\" decoding=\"async\" class=\"alignleft size-full wp-image-13898\" src=\"https:\/\/agora.xtec.cat\/iesmiquelbosch\/wp-content\/uploads\/usu626\/2025\/04\/1745558001991.jpg\" alt=\"\" width=\"2000\" height=\"1500\" srcset=\"https:\/\/agora.xtec.cat\/iesmiquelbosch\/wp-content\/uploads\/usu626\/2025\/04\/1745558001991.jpg 2000w, https:\/\/agora.xtec.cat\/iesmiquelbosch\/wp-content\/uploads\/usu626\/2025\/04\/1745558001991-300x225.jpg 300w, https:\/\/agora.xtec.cat\/iesmiquelbosch\/wp-content\/uploads\/usu626\/2025\/04\/1745558001991-1024x768.jpg 1024w, https:\/\/agora.xtec.cat\/iesmiquelbosch\/wp-content\/uploads\/usu626\/2025\/04\/1745558001991-768x576.jpg 768w, https:\/\/agora.xtec.cat\/iesmiquelbosch\/wp-content\/uploads\/usu626\/2025\/04\/1745558001991-1536x1152.jpg 1536w, https:\/\/agora.xtec.cat\/iesmiquelbosch\/wp-content\/uploads\/usu626\/2025\/04\/1745558001991-200x150.jpg 200w\" sizes=\"auto, (max-width: 2000px) 100vw, 2000px\" \/><\/a><\/p>\n","protected":false},"excerpt":{"rendered":"<p>L&#8217;1 d&#8217;abril, l&#8217;alumnat que cursa les mat\u00e8ries de Tecnologia i Enginyeria i de Literatura catalana de 2n de Batxillerat van anar a la UVic.<br \/>\nAll\u00e0 van assistir a una xerrada informativa conjunta i despr\u00e9s es van dividir per modalitats per fer activitats m\u00e9s espec\u00edfiques. Els tecn\u00f2legs&hellip;  <a href=\"https:\/\/agora.xtec.cat\/iesmiquelbosch\/general\/taller-mecatronica-i-itinerari-literari-uvic\/\" title=\"Read Taller mecatr\u00f2nica i itinerari literari UVic\">Llegeix m\u00e9s\u00bb<\/a><\/p>\n","protected":false},"author":1,"featured_media":13899,"comment_status":"closed","ping_status":"closed","sticky":false,"template":"","format":"standard","meta":{"_bbp_topic_count":0,"_bbp_reply_count":0,"_bbp_total_topic_count":0,"_bbp_total_reply_count":0,"_bbp_voice_count":0,"_bbp_anonymous_reply_count":0,"_bbp_topic_count_hidden":0,"_bbp_reply_count_hidden":0,"_bbp_forum_subforum_count":0,"footnotes":""},"categories":[1],"tags":[],"class_list":["post-13897","post","type-post","status-publish","format-standard","has-post-thumbnail","hentry","category-general"],"post_mailing_queue_ids":[],"_links":{"self":[{"href":"https:\/\/agora.xtec.cat\/iesmiquelbosch\/wp-json\/wp\/v2\/posts\/13897","targetHints":{"allow":["GET"]}}],"collection":[{"href":"https:\/\/agora.xtec.cat\/iesmiquelbosch\/wp-json\/wp\/v2\/posts"}],"about":[{"href":"https:\/\/agora.xtec.cat\/iesmiquelbosch\/wp-json\/wp\/v2\/types\/post"}],"author":[{"embeddable":true,"href":"https:\/\/agora.xtec.cat\/iesmiquelbosch\/wp-json\/wp\/v2\/users\/1"}],"replies":[{"embeddable":true,"href":"https:\/\/agora.xtec.cat\/iesmiquelbosch\/wp-json\/wp\/v2\/comments?post=13897"}],"version-history":[{"count":4,"href":"https:\/\/agora.xtec.cat\/iesmiquelbosch\/wp-json\/wp\/v2\/posts\/13897\/revisions"}],"predecessor-version":[{"id":13913,"href":"https:\/\/agora.xtec.cat\/iesmiquelbosch\/wp-json\/wp\/v2\/posts\/13897\/revisions\/13913"}],"wp:featuredmedia":[{"embeddable":true,"href":"https:\/\/agora.xtec.cat\/iesmiquelbosch\/wp-json\/wp\/v2\/media\/13899"}],"wp:attachment":[{"href":"https:\/\/agora.xtec.cat\/iesmiquelbosch\/wp-json\/wp\/v2\/media?parent=13897"}],"wp:term":[{"taxonomy":"category","embeddable":true,"href":"https:\/\/agora.xtec.cat\/iesmiquelbosch\/wp-json\/wp\/v2\/categories?post=13897"},{"taxonomy":"post_tag","embeddable":true,"href":"https:\/\/agora.xtec.cat\/iesmiquelbosch\/wp-json\/wp\/v2\/tags?post=13897"}],"curies":[{"name":"wp","href":"https:\/\/api.w.org\/{rel}","templated":true}]}}