{"id":12539,"date":"2024-05-14T08:46:55","date_gmt":"2024-05-14T06:46:55","guid":{"rendered":"https:\/\/agora.xtec.cat\/iesmiquelbosch\/?p=12539"},"modified":"2024-05-14T08:51:15","modified_gmt":"2024-05-14T06:51:15","slug":"beques-escolars-ajuntament-artes-24-25","status":"publish","type":"post","link":"https:\/\/agora.xtec.cat\/iesmiquelbosch\/general\/beques-escolars-ajuntament-artes-24-25\/","title":{"rendered":"Beques escolars Ajuntament Art\u00e9s 24-25"},"content":{"rendered":"<p><a href=\"https:\/\/agora.xtec.cat\/iesmiquelbosch\/wp-content\/uploads\/usu626\/2024\/05\/Cartell-beca-ajunt-artes-24-25.png\"><img loading=\"lazy\" decoding=\"async\" class=\" wp-image-12540 alignleft\" src=\"https:\/\/agora.xtec.cat\/iesmiquelbosch\/wp-content\/uploads\/usu626\/2024\/05\/Cartell-beca-ajunt-artes-24-25-212x300.png\" alt=\"\" width=\"264\" height=\"374\" srcset=\"https:\/\/agora.xtec.cat\/iesmiquelbosch\/wp-content\/uploads\/usu626\/2024\/05\/Cartell-beca-ajunt-artes-24-25-212x300.png 212w, https:\/\/agora.xtec.cat\/iesmiquelbosch\/wp-content\/uploads\/usu626\/2024\/05\/Cartell-beca-ajunt-artes-24-25-724x1024.png 724w, https:\/\/agora.xtec.cat\/iesmiquelbosch\/wp-content\/uploads\/usu626\/2024\/05\/Cartell-beca-ajunt-artes-24-25-768x1086.png 768w, https:\/\/agora.xtec.cat\/iesmiquelbosch\/wp-content\/uploads\/usu626\/2024\/05\/Cartell-beca-ajunt-artes-24-25-1086x1536.png 1086w, https:\/\/agora.xtec.cat\/iesmiquelbosch\/wp-content\/uploads\/usu626\/2024\/05\/Cartell-beca-ajunt-artes-24-25-1448x2048.png 1448w, https:\/\/agora.xtec.cat\/iesmiquelbosch\/wp-content\/uploads\/usu626\/2024\/05\/Cartell-beca-ajunt-artes-24-25.png 1587w\" sizes=\"auto, (max-width: 264px) 100vw, 264px\" \/><\/a><\/p>\n<p>&nbsp;<\/p>\n<p>&nbsp;<\/p>\n<p>&nbsp;<\/p>\n<p>&nbsp;<\/p>\n<p>L\u2019Ajuntament d&#8217;Art\u00e9s ha obert la convocat\u00f2ria per a concessi\u00f3 de beques escolars per al curs 2024-2025.<br \/>\n<strong>Presentaci\u00f3 de les sol\u00b7licituds:<br \/>\n<\/strong>Del 15 de maig al 13 de juny de 2024<br \/>\n<strong>Sol\u00b7licituds:<br \/>\n<\/strong><span style=\"font-family: inherit; font-size: 1em;\">\u00b7 Recollida de les sol\u00b7licituds des de l&#8217;OAC de l&#8217;Ajuntament d&#8217;Art\u00e9s<br \/>\n<\/span><span style=\"font-family: inherit; font-size: 1em;\">\u00b7 A trav\u00e9s de la seu electr\u00f2nica:\u00a0 <\/span><a style=\"font-family: inherit; font-size: 1em;\" href=\"https:\/\/artes.eadministracio.cat\/info.0\">https:\/\/artes.eadministracio.cat\/info.0<\/a><br \/>\nPer a m\u00e9s informaci\u00f3 entreu al web de l&#8217;Ajuntament\u00a0\u00a0<a href=\"https:\/\/www.artes.cat\/actualitat\/noticies\/beques-escolars-municipals.html\">https:\/\/www.artes.cat\/<\/a><\/p>\n","protected":false},"excerpt":{"rendered":"<p><a href=\"https:\/\/agora.xtec.cat\/iesmiquelbosch\/wp-content\/uploads\/usu626\/2024\/05\/Cartell-beca-ajunt-artes-24-25.png\"><\/a><br \/>\n&nbsp;<br \/>\n&nbsp;<br \/>\n&nbsp;<br \/>\n&nbsp;<br \/>\nL\u2019Ajuntament d&#8217;Art\u00e9s ha obert la convocat\u00f2ria per a concessi\u00f3 de beques escolars per al curs 2024-2025.<br \/>\nPresentaci\u00f3 de les sol\u00b7licituds:<br \/>\nDel 15 de maig al 13 de juny de 2024<br \/>\nSol\u00b7licituds:<br \/>\n\u00b7 Recollida de les sol\u00b7licituds des de l&#8217;OAC de l&#8217;Ajuntament d&#8217;Art\u00e9s<br \/>\n\u00b7 A trav\u00e9s de la seu electr\u00f2nica:\u00a0&hellip;  <a href=\"https:\/\/agora.xtec.cat\/iesmiquelbosch\/general\/beques-escolars-ajuntament-artes-24-25\/\" title=\"Read Beques escolars Ajuntament Art\u00e9s 24-25\">Llegeix m\u00e9s\u00bb<\/a><\/p>\n","protected":false},"author":33,"featured_media":0,"comment_status":"closed","ping_status":"closed","sticky":false,"template":"","format":"standard","meta":{"_bbp_topic_count":0,"_bbp_reply_count":0,"_bbp_total_topic_count":0,"_bbp_total_reply_count":0,"_bbp_voice_count":0,"_bbp_anonymous_reply_count":0,"_bbp_topic_count_hidden":0,"_bbp_reply_count_hidden":0,"_bbp_forum_subforum_count":0,"footnotes":""},"categories":[1],"tags":[],"class_list":["post-12539","post","type-post","status-publish","format-standard","hentry","category-general"],"post_mailing_queue_ids":[],"_links":{"self":[{"href":"https:\/\/agora.xtec.cat\/iesmiquelbosch\/wp-json\/wp\/v2\/posts\/12539","targetHints":{"allow":["GET"]}}],"collection":[{"href":"https:\/\/agora.xtec.cat\/iesmiquelbosch\/wp-json\/wp\/v2\/posts"}],"about":[{"href":"https:\/\/agora.xtec.cat\/iesmiquelbosch\/wp-json\/wp\/v2\/types\/post"}],"author":[{"embeddable":true,"href":"https:\/\/agora.xtec.cat\/iesmiquelbosch\/wp-json\/wp\/v2\/users\/33"}],"replies":[{"embeddable":true,"href":"https:\/\/agora.xtec.cat\/iesmiquelbosch\/wp-json\/wp\/v2\/comments?post=12539"}],"version-history":[{"count":3,"href":"https:\/\/agora.xtec.cat\/iesmiquelbosch\/wp-json\/wp\/v2\/posts\/12539\/revisions"}],"predecessor-version":[{"id":12543,"href":"https:\/\/agora.xtec.cat\/iesmiquelbosch\/wp-json\/wp\/v2\/posts\/12539\/revisions\/12543"}],"wp:attachment":[{"href":"https:\/\/agora.xtec.cat\/iesmiquelbosch\/wp-json\/wp\/v2\/media?parent=12539"}],"wp:term":[{"taxonomy":"category","embeddable":true,"href":"https:\/\/agora.xtec.cat\/iesmiquelbosch\/wp-json\/wp\/v2\/categories?post=12539"},{"taxonomy":"post_tag","embeddable":true,"href":"https:\/\/agora.xtec.cat\/iesmiquelbosch\/wp-json\/wp\/v2\/tags?post=12539"}],"curies":[{"name":"wp","href":"https:\/\/api.w.org\/{rel}","templated":true}]}}