{"id":12011,"date":"2024-02-15T20:15:44","date_gmt":"2024-02-15T19:15:44","guid":{"rendered":"https:\/\/agora.xtec.cat\/iesmiquelbosch\/?p=12011"},"modified":"2024-02-18T20:16:03","modified_gmt":"2024-02-18T19:16:03","slug":"guanyadors-who-is-the-killer-english-week","status":"publish","type":"post","link":"https:\/\/agora.xtec.cat\/iesmiquelbosch\/general\/guanyadors-who-is-the-killer-english-week\/","title":{"rendered":"Guanyadors &#8220;Who is the killer?&#8221; (English week)"},"content":{"rendered":"<p><span style=\"font-weight: 400;\">Aqu\u00ed tenim els investigadors i investigadores que van resoldre l&#8217;enigma de l\u2019assassinat del \u201cClown\u201d: la Samara L\u00f3pez i la Mariona Estruga de 1r d\u2019ESO i en Mart\u00ed Gol, l\u2019Adri\u00e1n Cano, el Roger Crusellas, la Yasmin Ardoun, la Ivet L\u00f3pez, la Noa Racero, la Laura Clotet i la Mariona Hernandez de 2n d\u2019ESO. I volem fer una menci\u00f3 especial a l\u2019Ona Domingo i la J\u00falia Arissa, tamb\u00e9 de 2n d\u2019ESO, per la fant\u00e0stica reconstrucci\u00f3 dels fets i el treball tan minuci\u00f3s que van dur a terme. Enhorabona a tots\/es!<\/span><\/p>\n<p><a href=\"https:\/\/agora.xtec.cat\/iesmiquelbosch\/wp-content\/uploads\/usu626\/2024\/02\/IMG_7762-1.jpg\"><img loading=\"lazy\" decoding=\"async\" class=\"alignnone size-full wp-image-12012\" src=\"https:\/\/agora.xtec.cat\/iesmiquelbosch\/wp-content\/uploads\/usu626\/2024\/02\/IMG_7762-1.jpg\" alt=\"\" width=\"1008\" height=\"756\" srcset=\"https:\/\/agora.xtec.cat\/iesmiquelbosch\/wp-content\/uploads\/usu626\/2024\/02\/IMG_7762-1.jpg 1008w, https:\/\/agora.xtec.cat\/iesmiquelbosch\/wp-content\/uploads\/usu626\/2024\/02\/IMG_7762-1-300x225.jpg 300w, https:\/\/agora.xtec.cat\/iesmiquelbosch\/wp-content\/uploads\/usu626\/2024\/02\/IMG_7762-1-768x576.jpg 768w, https:\/\/agora.xtec.cat\/iesmiquelbosch\/wp-content\/uploads\/usu626\/2024\/02\/IMG_7762-1-200x150.jpg 200w\" sizes=\"auto, (max-width: 1008px) 100vw, 1008px\" \/><\/a> <a href=\"https:\/\/agora.xtec.cat\/iesmiquelbosch\/wp-content\/uploads\/usu626\/2024\/02\/IMG_7760-1.jpg\"><img loading=\"lazy\" decoding=\"async\" class=\"alignnone size-full wp-image-12013\" src=\"https:\/\/agora.xtec.cat\/iesmiquelbosch\/wp-content\/uploads\/usu626\/2024\/02\/IMG_7760-1.jpg\" alt=\"\" width=\"1008\" height=\"756\" srcset=\"https:\/\/agora.xtec.cat\/iesmiquelbosch\/wp-content\/uploads\/usu626\/2024\/02\/IMG_7760-1.jpg 1008w, https:\/\/agora.xtec.cat\/iesmiquelbosch\/wp-content\/uploads\/usu626\/2024\/02\/IMG_7760-1-300x225.jpg 300w, https:\/\/agora.xtec.cat\/iesmiquelbosch\/wp-content\/uploads\/usu626\/2024\/02\/IMG_7760-1-768x576.jpg 768w, https:\/\/agora.xtec.cat\/iesmiquelbosch\/wp-content\/uploads\/usu626\/2024\/02\/IMG_7760-1-200x150.jpg 200w\" sizes=\"auto, (max-width: 1008px) 100vw, 1008px\" \/><\/a> <a href=\"https:\/\/agora.xtec.cat\/iesmiquelbosch\/wp-content\/uploads\/usu626\/2024\/02\/IMG_7734-1.jpg\"><img loading=\"lazy\" decoding=\"async\" class=\"alignnone size-full wp-image-12014\" src=\"https:\/\/agora.xtec.cat\/iesmiquelbosch\/wp-content\/uploads\/usu626\/2024\/02\/IMG_7734-1.jpg\" alt=\"\" width=\"1008\" height=\"756\" srcset=\"https:\/\/agora.xtec.cat\/iesmiquelbosch\/wp-content\/uploads\/usu626\/2024\/02\/IMG_7734-1.jpg 1008w, https:\/\/agora.xtec.cat\/iesmiquelbosch\/wp-content\/uploads\/usu626\/2024\/02\/IMG_7734-1-300x225.jpg 300w, https:\/\/agora.xtec.cat\/iesmiquelbosch\/wp-content\/uploads\/usu626\/2024\/02\/IMG_7734-1-768x576.jpg 768w, https:\/\/agora.xtec.cat\/iesmiquelbosch\/wp-content\/uploads\/usu626\/2024\/02\/IMG_7734-1-200x150.jpg 200w\" sizes=\"auto, (max-width: 1008px) 100vw, 1008px\" \/><\/a><\/p>\n","protected":false},"excerpt":{"rendered":"<p>Aqu\u00ed tenim els investigadors i investigadores que van resoldre l&#8217;enigma de l\u2019assassinat del \u201cClown\u201d: la Samara L\u00f3pez i la Mariona Estruga de 1r d\u2019ESO i en Mart\u00ed Gol, l\u2019Adri\u00e1n Cano, el Roger Crusellas, la Yasmin Ardoun, la Ivet L\u00f3pez, la Noa Racero, la Laura Clotet&hellip;  <a href=\"https:\/\/agora.xtec.cat\/iesmiquelbosch\/general\/guanyadors-who-is-the-killer-english-week\/\" title=\"Read Guanyadors &#8220;Who is the killer?&#8221; (English week)\">Llegeix m\u00e9s\u00bb<\/a><\/p>\n","protected":false},"author":1,"featured_media":12013,"comment_status":"closed","ping_status":"closed","sticky":false,"template":"","format":"standard","meta":{"_bbp_topic_count":0,"_bbp_reply_count":0,"_bbp_total_topic_count":0,"_bbp_total_reply_count":0,"_bbp_voice_count":0,"_bbp_anonymous_reply_count":0,"_bbp_topic_count_hidden":0,"_bbp_reply_count_hidden":0,"_bbp_forum_subforum_count":0,"footnotes":""},"categories":[1],"tags":[],"class_list":["post-12011","post","type-post","status-publish","format-standard","has-post-thumbnail","hentry","category-general"],"post_mailing_queue_ids":[],"_links":{"self":[{"href":"https:\/\/agora.xtec.cat\/iesmiquelbosch\/wp-json\/wp\/v2\/posts\/12011","targetHints":{"allow":["GET"]}}],"collection":[{"href":"https:\/\/agora.xtec.cat\/iesmiquelbosch\/wp-json\/wp\/v2\/posts"}],"about":[{"href":"https:\/\/agora.xtec.cat\/iesmiquelbosch\/wp-json\/wp\/v2\/types\/post"}],"author":[{"embeddable":true,"href":"https:\/\/agora.xtec.cat\/iesmiquelbosch\/wp-json\/wp\/v2\/users\/1"}],"replies":[{"embeddable":true,"href":"https:\/\/agora.xtec.cat\/iesmiquelbosch\/wp-json\/wp\/v2\/comments?post=12011"}],"version-history":[{"count":1,"href":"https:\/\/agora.xtec.cat\/iesmiquelbosch\/wp-json\/wp\/v2\/posts\/12011\/revisions"}],"predecessor-version":[{"id":12015,"href":"https:\/\/agora.xtec.cat\/iesmiquelbosch\/wp-json\/wp\/v2\/posts\/12011\/revisions\/12015"}],"wp:featuredmedia":[{"embeddable":true,"href":"https:\/\/agora.xtec.cat\/iesmiquelbosch\/wp-json\/wp\/v2\/media\/12013"}],"wp:attachment":[{"href":"https:\/\/agora.xtec.cat\/iesmiquelbosch\/wp-json\/wp\/v2\/media?parent=12011"}],"wp:term":[{"taxonomy":"category","embeddable":true,"href":"https:\/\/agora.xtec.cat\/iesmiquelbosch\/wp-json\/wp\/v2\/categories?post=12011"},{"taxonomy":"post_tag","embeddable":true,"href":"https:\/\/agora.xtec.cat\/iesmiquelbosch\/wp-json\/wp\/v2\/tags?post=12011"}],"curies":[{"name":"wp","href":"https:\/\/api.w.org\/{rel}","templated":true}]}}