{"id":11722,"date":"2023-11-19T21:17:31","date_gmt":"2023-11-19T20:17:31","guid":{"rendered":"https:\/\/agora.xtec.cat\/iesmiquelbosch\/?p=11722"},"modified":"2023-11-25T20:58:34","modified_gmt":"2023-11-25T19:58:34","slug":"visita-patrimoni-industrial-textil-dartes","status":"publish","type":"post","link":"https:\/\/agora.xtec.cat\/iesmiquelbosch\/general\/visita-patrimoni-industrial-textil-dartes\/","title":{"rendered":"Visita patrimoni industrial t\u00e8xtil d&#8217;Art\u00e9s"},"content":{"rendered":"<p>El dia 13 de novembre, els alumnes de 3r d&#8217;ESO van fer una visita per alguns dels indrets d&#8217;Art\u00e9s relacionats amb el seu passat industrial t\u00e8xtil. El recorregut va incloure la Pla\u00e7a Vella, Can Berenguer, l&#8217;Ajuntament i Can Cruselles, on dos guies del Museu d&#8217;Hist\u00f2ria d&#8217;Art\u00e9s van explicar qu\u00e8 s&#8217;hi fabricava, les desigualtats entre sexes a les f\u00e0briques, etc.<\/p>\n<p dir=\"auto\">Aquest apropament a la ind\u00fastria t\u00e8xtil artesenca tindr\u00e0 continu\u00eftat, ja que els alumnes realitzaran un projecte de recuperaci\u00f3 de mem\u00f2ria hist\u00f2rica del treball en la ind\u00fastria t\u00e8xtil a les poblacions d&#8217;Art\u00e9s, Calders, Monistrol de Calders i Santa Maria d&#8217;Ol\u00f3, a trav\u00e9s de l&#8217;elaboraci\u00f3 d&#8217;entrevistes a familiars o coneguts que hagin treballat en algunes f\u00e0briques d&#8217;aquestes localitats. La finalitat d&#8217;aquestes entrevistes \u00e9s crear continguts que despr\u00e9s serviran per a l&#8217;exposici\u00f3 del Museu d&#8217;Hist\u00f2ria d&#8217;Art\u00e9s en l&#8217;apartat de la ind\u00fastria t\u00e8xtil.<\/p>\n<p dir=\"auto\">Podeu trobar m\u00e9s imatges a l&#8217;apartat habitual del web.<\/p>\n<p><a href=\"https:\/\/agora.xtec.cat\/iesmiquelbosch\/wp-content\/uploads\/usu626\/2023\/11\/IMG_0178.heic\"><img decoding=\"async\" class=\"alignnone size-full wp-image-11723\" src=\"https:\/\/agora.xtec.cat\/iesmiquelbosch\/wp-content\/uploads\/usu626\/2023\/11\/IMG_0178.heic\" alt=\"\" \/><\/a> <a href=\"https:\/\/agora.xtec.cat\/iesmiquelbosch\/wp-content\/uploads\/usu626\/2023\/11\/IMG_0171.jpg\"><img loading=\"lazy\" decoding=\"async\" class=\"alignnone size-full wp-image-11724\" src=\"https:\/\/agora.xtec.cat\/iesmiquelbosch\/wp-content\/uploads\/usu626\/2023\/11\/IMG_0171.jpg\" alt=\"\" width=\"1008\" height=\"756\" srcset=\"https:\/\/agora.xtec.cat\/iesmiquelbosch\/wp-content\/uploads\/usu626\/2023\/11\/IMG_0171.jpg 1008w, https:\/\/agora.xtec.cat\/iesmiquelbosch\/wp-content\/uploads\/usu626\/2023\/11\/IMG_0171-300x225.jpg 300w, https:\/\/agora.xtec.cat\/iesmiquelbosch\/wp-content\/uploads\/usu626\/2023\/11\/IMG_0171-768x576.jpg 768w, https:\/\/agora.xtec.cat\/iesmiquelbosch\/wp-content\/uploads\/usu626\/2023\/11\/IMG_0171-200x150.jpg 200w\" sizes=\"auto, (max-width: 1008px) 100vw, 1008px\" \/><\/a> <a href=\"https:\/\/agora.xtec.cat\/iesmiquelbosch\/wp-content\/uploads\/usu626\/2023\/11\/IMG_0172.jpg\"><img loading=\"lazy\" decoding=\"async\" class=\"alignnone size-full wp-image-11725\" src=\"https:\/\/agora.xtec.cat\/iesmiquelbosch\/wp-content\/uploads\/usu626\/2023\/11\/IMG_0172.jpg\" alt=\"\" width=\"756\" height=\"1008\" srcset=\"https:\/\/agora.xtec.cat\/iesmiquelbosch\/wp-content\/uploads\/usu626\/2023\/11\/IMG_0172.jpg 756w, https:\/\/agora.xtec.cat\/iesmiquelbosch\/wp-content\/uploads\/usu626\/2023\/11\/IMG_0172-225x300.jpg 225w\" sizes=\"auto, (max-width: 756px) 100vw, 756px\" \/><\/a> <a href=\"https:\/\/agora.xtec.cat\/iesmiquelbosch\/wp-content\/uploads\/usu626\/2023\/11\/IMG_0174.jpg\"><img loading=\"lazy\" decoding=\"async\" class=\"alignnone size-full wp-image-11726\" src=\"https:\/\/agora.xtec.cat\/iesmiquelbosch\/wp-content\/uploads\/usu626\/2023\/11\/IMG_0174.jpg\" alt=\"\" width=\"1008\" height=\"756\" srcset=\"https:\/\/agora.xtec.cat\/iesmiquelbosch\/wp-content\/uploads\/usu626\/2023\/11\/IMG_0174.jpg 1008w, https:\/\/agora.xtec.cat\/iesmiquelbosch\/wp-content\/uploads\/usu626\/2023\/11\/IMG_0174-300x225.jpg 300w, https:\/\/agora.xtec.cat\/iesmiquelbosch\/wp-content\/uploads\/usu626\/2023\/11\/IMG_0174-768x576.jpg 768w, https:\/\/agora.xtec.cat\/iesmiquelbosch\/wp-content\/uploads\/usu626\/2023\/11\/IMG_0174-200x150.jpg 200w\" sizes=\"auto, (max-width: 1008px) 100vw, 1008px\" \/><\/a> <a href=\"https:\/\/agora.xtec.cat\/iesmiquelbosch\/wp-content\/uploads\/usu626\/2023\/11\/IMG_0177.jpg\"><img loading=\"lazy\" decoding=\"async\" class=\"alignnone size-full wp-image-11727\" src=\"https:\/\/agora.xtec.cat\/iesmiquelbosch\/wp-content\/uploads\/usu626\/2023\/11\/IMG_0177.jpg\" alt=\"\" width=\"1008\" height=\"756\" srcset=\"https:\/\/agora.xtec.cat\/iesmiquelbosch\/wp-content\/uploads\/usu626\/2023\/11\/IMG_0177.jpg 1008w, https:\/\/agora.xtec.cat\/iesmiquelbosch\/wp-content\/uploads\/usu626\/2023\/11\/IMG_0177-300x225.jpg 300w, https:\/\/agora.xtec.cat\/iesmiquelbosch\/wp-content\/uploads\/usu626\/2023\/11\/IMG_0177-768x576.jpg 768w, https:\/\/agora.xtec.cat\/iesmiquelbosch\/wp-content\/uploads\/usu626\/2023\/11\/IMG_0177-200x150.jpg 200w\" sizes=\"auto, (max-width: 1008px) 100vw, 1008px\" \/><\/a><\/p>\n","protected":false},"excerpt":{"rendered":"<p>El dia 13 de novembre, els alumnes de 3r d&#8217;ESO van fer una visita per alguns dels indrets d&#8217;Art\u00e9s relacionats amb el seu passat industrial t\u00e8xtil. El recorregut va incloure la Pla\u00e7a Vella, Can Berenguer, l&#8217;Ajuntament i Can Cruselles, on dos guies del Museu d&#8217;Hist\u00f2ria&hellip;  <a href=\"https:\/\/agora.xtec.cat\/iesmiquelbosch\/general\/visita-patrimoni-industrial-textil-dartes\/\" title=\"Read Visita patrimoni industrial t\u00e8xtil d&#8217;Art\u00e9s\">Llegeix m\u00e9s\u00bb<\/a><\/p>\n","protected":false},"author":1,"featured_media":11726,"comment_status":"closed","ping_status":"closed","sticky":false,"template":"","format":"standard","meta":{"_bbp_topic_count":0,"_bbp_reply_count":0,"_bbp_total_topic_count":0,"_bbp_total_reply_count":0,"_bbp_voice_count":0,"_bbp_anonymous_reply_count":0,"_bbp_topic_count_hidden":0,"_bbp_reply_count_hidden":0,"_bbp_forum_subforum_count":0,"footnotes":""},"categories":[1],"tags":[],"class_list":["post-11722","post","type-post","status-publish","format-standard","has-post-thumbnail","hentry","category-general"],"post_mailing_queue_ids":[],"_links":{"self":[{"href":"https:\/\/agora.xtec.cat\/iesmiquelbosch\/wp-json\/wp\/v2\/posts\/11722","targetHints":{"allow":["GET"]}}],"collection":[{"href":"https:\/\/agora.xtec.cat\/iesmiquelbosch\/wp-json\/wp\/v2\/posts"}],"about":[{"href":"https:\/\/agora.xtec.cat\/iesmiquelbosch\/wp-json\/wp\/v2\/types\/post"}],"author":[{"embeddable":true,"href":"https:\/\/agora.xtec.cat\/iesmiquelbosch\/wp-json\/wp\/v2\/users\/1"}],"replies":[{"embeddable":true,"href":"https:\/\/agora.xtec.cat\/iesmiquelbosch\/wp-json\/wp\/v2\/comments?post=11722"}],"version-history":[{"count":5,"href":"https:\/\/agora.xtec.cat\/iesmiquelbosch\/wp-json\/wp\/v2\/posts\/11722\/revisions"}],"predecessor-version":[{"id":11752,"href":"https:\/\/agora.xtec.cat\/iesmiquelbosch\/wp-json\/wp\/v2\/posts\/11722\/revisions\/11752"}],"wp:featuredmedia":[{"embeddable":true,"href":"https:\/\/agora.xtec.cat\/iesmiquelbosch\/wp-json\/wp\/v2\/media\/11726"}],"wp:attachment":[{"href":"https:\/\/agora.xtec.cat\/iesmiquelbosch\/wp-json\/wp\/v2\/media?parent=11722"}],"wp:term":[{"taxonomy":"category","embeddable":true,"href":"https:\/\/agora.xtec.cat\/iesmiquelbosch\/wp-json\/wp\/v2\/categories?post=11722"},{"taxonomy":"post_tag","embeddable":true,"href":"https:\/\/agora.xtec.cat\/iesmiquelbosch\/wp-json\/wp\/v2\/tags?post=11722"}],"curies":[{"name":"wp","href":"https:\/\/api.w.org\/{rel}","templated":true}]}}