{"id":11605,"date":"2023-10-23T21:54:43","date_gmt":"2023-10-23T19:54:43","guid":{"rendered":"https:\/\/agora.xtec.cat\/iesmiquelbosch\/?p=11605"},"modified":"2023-10-23T21:57:56","modified_gmt":"2023-10-23T19:57:56","slug":"xerrada-per-a-families-les-pantalles-a-ladolescencia","status":"publish","type":"post","link":"https:\/\/agora.xtec.cat\/iesmiquelbosch\/general\/xerrada-per-a-families-les-pantalles-a-ladolescencia\/","title":{"rendered":"Xerrada per a fam\u00edlies"},"content":{"rendered":"<p>Us informem que aquest divendres 27 a les 19h, a Cal Sitges, s&#8217;organitza una xerrada que pot ser del vostre inter\u00e8s sobre joves i pantalles.<br \/>\nLa xerrada \u00e9s a c\u00e0rrec de la\u00a0<a href=\"https:\/\/www.som360.org\/ca\/persona\/dra-dominica-diez-marcet\" target=\"_blank\" rel=\"noopener\" data-saferedirecturl=\"https:\/\/www.google.com\/url?q=https:\/\/www.som360.org\/ca\/persona\/dra-dominica-diez-marcet&amp;source=gmail&amp;ust=1698149471375000&amp;usg=AOvVaw3XY8eO-DyF2-veMOIbyOCi\">Dra. Dominica D\u00edez Marcet<\/a>, psic\u00f2loga cl\u00ednica responsable de la Unitat d\u2019Addiccions Comportamentals d&#8217;Althaia.<\/p>\n<p>En el marc del nou Pla institut lliure de m\u00f2bils, creiem que aquesta activitat organitzada pel programa Escolta Jove de l&#8217;Ajuntament d&#8217;Art\u00e9s (El Kanal T&#8217;escolta), m\u00e9s que mai, pot resultar molt adient i interessant. Us animem a assistir-hi!<\/p>\n<p><a href=\"https:\/\/agora.xtec.cat\/iesmiquelbosch\/wp-content\/uploads\/usu626\/2023\/10\/Xerrada-sobre-pantalles-27-10-23-Programa-Escolta-Jove-Ajuntament-dArtes-1-1.png\"><img loading=\"lazy\" decoding=\"async\" class=\"alignnone size-full wp-image-11606\" src=\"https:\/\/agora.xtec.cat\/iesmiquelbosch\/wp-content\/uploads\/usu626\/2023\/10\/Xerrada-sobre-pantalles-27-10-23-Programa-Escolta-Jove-Ajuntament-dArtes-1-1.png\" alt=\"\" width=\"354\" height=\"500\" srcset=\"https:\/\/agora.xtec.cat\/iesmiquelbosch\/wp-content\/uploads\/usu626\/2023\/10\/Xerrada-sobre-pantalles-27-10-23-Programa-Escolta-Jove-Ajuntament-dArtes-1-1.png 354w, https:\/\/agora.xtec.cat\/iesmiquelbosch\/wp-content\/uploads\/usu626\/2023\/10\/Xerrada-sobre-pantalles-27-10-23-Programa-Escolta-Jove-Ajuntament-dArtes-1-1-212x300.png 212w\" sizes=\"auto, (max-width: 354px) 100vw, 354px\" \/><\/a><\/p>\n","protected":false},"excerpt":{"rendered":"<p>Us informem que aquest divendres 27 a les 19h, a Cal Sitges, s&#8217;organitza una xerrada que pot ser del vostre inter\u00e8s sobre joves i pantalles.<br \/>\nLa xerrada \u00e9s a c\u00e0rrec de la\u00a0<a href=\"https:\/\/www.som360.org\/ca\/persona\/dra-dominica-diez-marcet\" target=\"_blank\" rel=\"noopener\" data-saferedirecturl=\"https:\/\/www.google.com\/url?q=https:\/\/www.som360.org\/ca\/persona\/dra-dominica-diez-marcet&amp;source=gmail&amp;ust=1698149471375000&amp;usg=AOvVaw3XY8eO-DyF2-veMOIbyOCi\">Dra. Dominica D\u00edez Marcet<\/a>, psic\u00f2loga cl\u00ednica responsable de la Unitat d\u2019Addiccions&hellip;  <a href=\"https:\/\/agora.xtec.cat\/iesmiquelbosch\/general\/xerrada-per-a-families-les-pantalles-a-ladolescencia\/\" title=\"Read Xerrada per a fam\u00edlies\">Llegeix m\u00e9s\u00bb<\/a><\/p>\n","protected":false},"author":1,"featured_media":11606,"comment_status":"closed","ping_status":"closed","sticky":false,"template":"","format":"standard","meta":{"_bbp_topic_count":0,"_bbp_reply_count":0,"_bbp_total_topic_count":0,"_bbp_total_reply_count":0,"_bbp_voice_count":0,"_bbp_anonymous_reply_count":0,"_bbp_topic_count_hidden":0,"_bbp_reply_count_hidden":0,"_bbp_forum_subforum_count":0,"footnotes":""},"categories":[1],"tags":[],"class_list":["post-11605","post","type-post","status-publish","format-standard","has-post-thumbnail","hentry","category-general"],"post_mailing_queue_ids":[],"_links":{"self":[{"href":"https:\/\/agora.xtec.cat\/iesmiquelbosch\/wp-json\/wp\/v2\/posts\/11605","targetHints":{"allow":["GET"]}}],"collection":[{"href":"https:\/\/agora.xtec.cat\/iesmiquelbosch\/wp-json\/wp\/v2\/posts"}],"about":[{"href":"https:\/\/agora.xtec.cat\/iesmiquelbosch\/wp-json\/wp\/v2\/types\/post"}],"author":[{"embeddable":true,"href":"https:\/\/agora.xtec.cat\/iesmiquelbosch\/wp-json\/wp\/v2\/users\/1"}],"replies":[{"embeddable":true,"href":"https:\/\/agora.xtec.cat\/iesmiquelbosch\/wp-json\/wp\/v2\/comments?post=11605"}],"version-history":[{"count":4,"href":"https:\/\/agora.xtec.cat\/iesmiquelbosch\/wp-json\/wp\/v2\/posts\/11605\/revisions"}],"predecessor-version":[{"id":11610,"href":"https:\/\/agora.xtec.cat\/iesmiquelbosch\/wp-json\/wp\/v2\/posts\/11605\/revisions\/11610"}],"wp:featuredmedia":[{"embeddable":true,"href":"https:\/\/agora.xtec.cat\/iesmiquelbosch\/wp-json\/wp\/v2\/media\/11606"}],"wp:attachment":[{"href":"https:\/\/agora.xtec.cat\/iesmiquelbosch\/wp-json\/wp\/v2\/media?parent=11605"}],"wp:term":[{"taxonomy":"category","embeddable":true,"href":"https:\/\/agora.xtec.cat\/iesmiquelbosch\/wp-json\/wp\/v2\/categories?post=11605"},{"taxonomy":"post_tag","embeddable":true,"href":"https:\/\/agora.xtec.cat\/iesmiquelbosch\/wp-json\/wp\/v2\/tags?post=11605"}],"curies":[{"name":"wp","href":"https:\/\/api.w.org\/{rel}","templated":true}]}}