{"id":11099,"date":"2023-06-19T15:47:24","date_gmt":"2023-06-19T13:47:24","guid":{"rendered":"https:\/\/agora.xtec.cat\/iesmiquelbosch\/?p=11099"},"modified":"2023-06-19T16:17:52","modified_gmt":"2023-06-19T14:17:52","slug":"reconeixement-resultats-cangur-batxillerat","status":"publish","type":"post","link":"https:\/\/agora.xtec.cat\/iesmiquelbosch\/general\/reconeixement-resultats-cangur-batxillerat\/","title":{"rendered":"Reconeixement resultats Cangur Batxillerat"},"content":{"rendered":"<p>El passat 13 de juny es va celebrar a la UPC de Manresa l&#8217;acte de reconeixement dels alumnes de la Catalunya Central que han obtingut les millors puntuacions en les proves Cangur.<\/p>\n<p>En el nostre centre es van donar tres diplomes: al Mohamed Aghzaf i a la No\u00e8lia Paredes, de 2n BTX, i a l&#8217;Adri\u00e0 Rafat, de 1r BTX. En aquesta foto podeu veure a l&#8217;Adri\u00e0, que va assistir a l&#8217;acte, amb el diploma que acredita la seva tercera posici\u00f3. Moltes felicitats!<\/p>\n<p><a href=\"https:\/\/agora.xtec.cat\/iesmiquelbosch\/wp-content\/uploads\/usu626\/2023\/06\/Cangur-2.jpg\"><img loading=\"lazy\" decoding=\"async\" class=\"alignnone size-full wp-image-11100\" src=\"https:\/\/agora.xtec.cat\/iesmiquelbosch\/wp-content\/uploads\/usu626\/2023\/06\/Cangur-2.jpg\" alt=\"\" width=\"1023\" height=\"806\" srcset=\"https:\/\/agora.xtec.cat\/iesmiquelbosch\/wp-content\/uploads\/usu626\/2023\/06\/Cangur-2.jpg 1023w, https:\/\/agora.xtec.cat\/iesmiquelbosch\/wp-content\/uploads\/usu626\/2023\/06\/Cangur-2-300x236.jpg 300w, https:\/\/agora.xtec.cat\/iesmiquelbosch\/wp-content\/uploads\/usu626\/2023\/06\/Cangur-2-768x605.jpg 768w\" sizes=\"auto, (max-width: 1023px) 100vw, 1023px\" \/><\/a><\/p>\n<p><a href=\"https:\/\/agora.xtec.cat\/iesmiquelbosch\/wp-content\/uploads\/usu626\/2023\/06\/Cangur-3.jpg\"><img loading=\"lazy\" decoding=\"async\" class=\"alignnone size-full wp-image-11101\" src=\"https:\/\/agora.xtec.cat\/iesmiquelbosch\/wp-content\/uploads\/usu626\/2023\/06\/Cangur-3.jpg\" alt=\"\" width=\"2048\" height=\"1038\" srcset=\"https:\/\/agora.xtec.cat\/iesmiquelbosch\/wp-content\/uploads\/usu626\/2023\/06\/Cangur-3.jpg 2048w, https:\/\/agora.xtec.cat\/iesmiquelbosch\/wp-content\/uploads\/usu626\/2023\/06\/Cangur-3-300x152.jpg 300w, https:\/\/agora.xtec.cat\/iesmiquelbosch\/wp-content\/uploads\/usu626\/2023\/06\/Cangur-3-1024x519.jpg 1024w, https:\/\/agora.xtec.cat\/iesmiquelbosch\/wp-content\/uploads\/usu626\/2023\/06\/Cangur-3-768x389.jpg 768w, https:\/\/agora.xtec.cat\/iesmiquelbosch\/wp-content\/uploads\/usu626\/2023\/06\/Cangur-3-1536x779.jpg 1536w\" sizes=\"auto, (max-width: 2048px) 100vw, 2048px\" \/><\/a><\/p>\n","protected":false},"excerpt":{"rendered":"<p>El passat 13 de juny es va celebrar a la UPC de Manresa l&#8217;acte de reconeixement dels alumnes de la Catalunya Central que han obtingut les millors puntuacions en les proves Cangur.<br \/>\nEn el nostre centre es van donar tres diplomes: al Mohamed Aghzaf i a&hellip;  <a href=\"https:\/\/agora.xtec.cat\/iesmiquelbosch\/general\/reconeixement-resultats-cangur-batxillerat\/\" title=\"Read Reconeixement resultats Cangur Batxillerat\">Llegeix m\u00e9s\u00bb<\/a><\/p>\n","protected":false},"author":1,"featured_media":11100,"comment_status":"closed","ping_status":"closed","sticky":false,"template":"","format":"standard","meta":{"_bbp_topic_count":0,"_bbp_reply_count":0,"_bbp_total_topic_count":0,"_bbp_total_reply_count":0,"_bbp_voice_count":0,"_bbp_anonymous_reply_count":0,"_bbp_topic_count_hidden":0,"_bbp_reply_count_hidden":0,"_bbp_forum_subforum_count":0,"footnotes":""},"categories":[1],"tags":[],"class_list":["post-11099","post","type-post","status-publish","format-standard","has-post-thumbnail","hentry","category-general"],"post_mailing_queue_ids":[],"_links":{"self":[{"href":"https:\/\/agora.xtec.cat\/iesmiquelbosch\/wp-json\/wp\/v2\/posts\/11099","targetHints":{"allow":["GET"]}}],"collection":[{"href":"https:\/\/agora.xtec.cat\/iesmiquelbosch\/wp-json\/wp\/v2\/posts"}],"about":[{"href":"https:\/\/agora.xtec.cat\/iesmiquelbosch\/wp-json\/wp\/v2\/types\/post"}],"author":[{"embeddable":true,"href":"https:\/\/agora.xtec.cat\/iesmiquelbosch\/wp-json\/wp\/v2\/users\/1"}],"replies":[{"embeddable":true,"href":"https:\/\/agora.xtec.cat\/iesmiquelbosch\/wp-json\/wp\/v2\/comments?post=11099"}],"version-history":[{"count":3,"href":"https:\/\/agora.xtec.cat\/iesmiquelbosch\/wp-json\/wp\/v2\/posts\/11099\/revisions"}],"predecessor-version":[{"id":11106,"href":"https:\/\/agora.xtec.cat\/iesmiquelbosch\/wp-json\/wp\/v2\/posts\/11099\/revisions\/11106"}],"wp:featuredmedia":[{"embeddable":true,"href":"https:\/\/agora.xtec.cat\/iesmiquelbosch\/wp-json\/wp\/v2\/media\/11100"}],"wp:attachment":[{"href":"https:\/\/agora.xtec.cat\/iesmiquelbosch\/wp-json\/wp\/v2\/media?parent=11099"}],"wp:term":[{"taxonomy":"category","embeddable":true,"href":"https:\/\/agora.xtec.cat\/iesmiquelbosch\/wp-json\/wp\/v2\/categories?post=11099"},{"taxonomy":"post_tag","embeddable":true,"href":"https:\/\/agora.xtec.cat\/iesmiquelbosch\/wp-json\/wp\/v2\/tags?post=11099"}],"curies":[{"name":"wp","href":"https:\/\/api.w.org\/{rel}","templated":true}]}}