{"id":10455,"date":"2023-04-23T21:45:20","date_gmt":"2023-04-23T19:45:20","guid":{"rendered":"https:\/\/agora.xtec.cat\/iesmiquelbosch\/?p=10455"},"modified":"2023-04-23T21:45:20","modified_gmt":"2023-04-23T19:45:20","slug":"visita-patrimoni-industrial-dartes","status":"publish","type":"post","link":"https:\/\/agora.xtec.cat\/iesmiquelbosch\/general\/visita-patrimoni-industrial-dartes\/","title":{"rendered":"Visita patrimoni industrial d&#8217;Art\u00e9s"},"content":{"rendered":"<p dir=\"auto\">Els alumnes de 3r d&#8217;ESO van fer un recorregut per Art\u00e9s, el passat 31 de mar\u00e7, vinculant passat i present, posant l&#8217;\u00e8mfasi en les activitats industrials del municipi per comparar-les amb les actuals. Per fer-ho van fer un recorregut per la Pla\u00e7a Vella, Can Berenguer, l&#8217;Ajuntament i Can Cruselles, on van realitzar explicacions breus sobre qu\u00e8 s&#8217;hi fabricava o les desigualtats entre sexes a les f\u00e0briques, entre altres q\u00fcestions.<\/p>\n<p dir=\"auto\">Tot aix\u00f2 va ser possible gr\u00e0cies a la col\u00b7laboraci\u00f3 del Museu d&#8217;Hist\u00f2ria d&#8217;Art\u00e9s, que va enviar una guia per apropar als alumnes el llegat hist\u00f2ric del terme.<\/p>\n<p dir=\"auto\"><a href=\"https:\/\/agora.xtec.cat\/iesmiquelbosch\/wp-content\/uploads\/usu626\/2023\/04\/IMG_20230331_092701-_1_.jpeg\"><img loading=\"lazy\" decoding=\"async\" class=\"alignnone size-full wp-image-10488\" src=\"https:\/\/agora.xtec.cat\/iesmiquelbosch\/wp-content\/uploads\/usu626\/2023\/04\/IMG_20230331_092701-_1_.jpeg\" alt=\"\" width=\"1000\" height=\"750\" srcset=\"https:\/\/agora.xtec.cat\/iesmiquelbosch\/wp-content\/uploads\/usu626\/2023\/04\/IMG_20230331_092701-_1_.jpeg 1000w, https:\/\/agora.xtec.cat\/iesmiquelbosch\/wp-content\/uploads\/usu626\/2023\/04\/IMG_20230331_092701-_1_-300x225.jpeg 300w, https:\/\/agora.xtec.cat\/iesmiquelbosch\/wp-content\/uploads\/usu626\/2023\/04\/IMG_20230331_092701-_1_-768x576.jpeg 768w, https:\/\/agora.xtec.cat\/iesmiquelbosch\/wp-content\/uploads\/usu626\/2023\/04\/IMG_20230331_092701-_1_-200x150.jpeg 200w\" sizes=\"auto, (max-width: 1000px) 100vw, 1000px\" \/><\/a> <a href=\"https:\/\/agora.xtec.cat\/iesmiquelbosch\/wp-content\/uploads\/usu626\/2023\/04\/IMG_20230331_103612-_2_.jpeg\"><img loading=\"lazy\" decoding=\"async\" class=\"alignnone size-full wp-image-10489\" src=\"https:\/\/agora.xtec.cat\/iesmiquelbosch\/wp-content\/uploads\/usu626\/2023\/04\/IMG_20230331_103612-_2_.jpeg\" alt=\"\" width=\"1000\" height=\"750\" srcset=\"https:\/\/agora.xtec.cat\/iesmiquelbosch\/wp-content\/uploads\/usu626\/2023\/04\/IMG_20230331_103612-_2_.jpeg 1000w, https:\/\/agora.xtec.cat\/iesmiquelbosch\/wp-content\/uploads\/usu626\/2023\/04\/IMG_20230331_103612-_2_-300x225.jpeg 300w, https:\/\/agora.xtec.cat\/iesmiquelbosch\/wp-content\/uploads\/usu626\/2023\/04\/IMG_20230331_103612-_2_-768x576.jpeg 768w, https:\/\/agora.xtec.cat\/iesmiquelbosch\/wp-content\/uploads\/usu626\/2023\/04\/IMG_20230331_103612-_2_-200x150.jpeg 200w\" sizes=\"auto, (max-width: 1000px) 100vw, 1000px\" \/><\/a> <a href=\"https:\/\/agora.xtec.cat\/iesmiquelbosch\/wp-content\/uploads\/usu626\/2023\/04\/IMG_20230331_122309-_1_.jpeg\"><img loading=\"lazy\" decoding=\"async\" class=\"alignnone size-full wp-image-10490\" src=\"https:\/\/agora.xtec.cat\/iesmiquelbosch\/wp-content\/uploads\/usu626\/2023\/04\/IMG_20230331_122309-_1_.jpeg\" alt=\"\" width=\"750\" height=\"1000\" srcset=\"https:\/\/agora.xtec.cat\/iesmiquelbosch\/wp-content\/uploads\/usu626\/2023\/04\/IMG_20230331_122309-_1_.jpeg 750w, https:\/\/agora.xtec.cat\/iesmiquelbosch\/wp-content\/uploads\/usu626\/2023\/04\/IMG_20230331_122309-_1_-225x300.jpeg 225w\" sizes=\"auto, (max-width: 750px) 100vw, 750px\" \/><\/a> <a href=\"https:\/\/agora.xtec.cat\/iesmiquelbosch\/wp-content\/uploads\/usu626\/2023\/04\/IMG_20230331_122314-_2_.jpeg\"><img loading=\"lazy\" decoding=\"async\" class=\"alignnone size-full wp-image-10491\" src=\"https:\/\/agora.xtec.cat\/iesmiquelbosch\/wp-content\/uploads\/usu626\/2023\/04\/IMG_20230331_122314-_2_.jpeg\" alt=\"\" width=\"750\" height=\"1000\" srcset=\"https:\/\/agora.xtec.cat\/iesmiquelbosch\/wp-content\/uploads\/usu626\/2023\/04\/IMG_20230331_122314-_2_.jpeg 750w, https:\/\/agora.xtec.cat\/iesmiquelbosch\/wp-content\/uploads\/usu626\/2023\/04\/IMG_20230331_122314-_2_-225x300.jpeg 225w\" sizes=\"auto, (max-width: 750px) 100vw, 750px\" \/><\/a><\/p>\n","protected":false},"excerpt":{"rendered":"<p>Els alumnes de 3r d&#8217;ESO van fer un recorregut per Art\u00e9s, el passat 31 de mar\u00e7, vinculant passat i present, posant l&#8217;\u00e8mfasi en les activitats industrials del municipi per comparar-les amb les actuals. Per fer-ho van fer un recorregut per la Pla\u00e7a Vella, Can Berenguer,&hellip;  <a href=\"https:\/\/agora.xtec.cat\/iesmiquelbosch\/general\/visita-patrimoni-industrial-dartes\/\" title=\"Read Visita patrimoni industrial d&#8217;Art\u00e9s\">Llegeix m\u00e9s\u00bb<\/a><\/p>\n","protected":false},"author":1,"featured_media":10488,"comment_status":"closed","ping_status":"closed","sticky":false,"template":"","format":"standard","meta":{"_bbp_topic_count":0,"_bbp_reply_count":0,"_bbp_total_topic_count":0,"_bbp_total_reply_count":0,"_bbp_voice_count":0,"_bbp_anonymous_reply_count":0,"_bbp_topic_count_hidden":0,"_bbp_reply_count_hidden":0,"_bbp_forum_subforum_count":0,"footnotes":""},"categories":[1],"tags":[],"class_list":["post-10455","post","type-post","status-publish","format-standard","has-post-thumbnail","hentry","category-general"],"post_mailing_queue_ids":[],"_links":{"self":[{"href":"https:\/\/agora.xtec.cat\/iesmiquelbosch\/wp-json\/wp\/v2\/posts\/10455","targetHints":{"allow":["GET"]}}],"collection":[{"href":"https:\/\/agora.xtec.cat\/iesmiquelbosch\/wp-json\/wp\/v2\/posts"}],"about":[{"href":"https:\/\/agora.xtec.cat\/iesmiquelbosch\/wp-json\/wp\/v2\/types\/post"}],"author":[{"embeddable":true,"href":"https:\/\/agora.xtec.cat\/iesmiquelbosch\/wp-json\/wp\/v2\/users\/1"}],"replies":[{"embeddable":true,"href":"https:\/\/agora.xtec.cat\/iesmiquelbosch\/wp-json\/wp\/v2\/comments?post=10455"}],"version-history":[{"count":1,"href":"https:\/\/agora.xtec.cat\/iesmiquelbosch\/wp-json\/wp\/v2\/posts\/10455\/revisions"}],"predecessor-version":[{"id":10492,"href":"https:\/\/agora.xtec.cat\/iesmiquelbosch\/wp-json\/wp\/v2\/posts\/10455\/revisions\/10492"}],"wp:featuredmedia":[{"embeddable":true,"href":"https:\/\/agora.xtec.cat\/iesmiquelbosch\/wp-json\/wp\/v2\/media\/10488"}],"wp:attachment":[{"href":"https:\/\/agora.xtec.cat\/iesmiquelbosch\/wp-json\/wp\/v2\/media?parent=10455"}],"wp:term":[{"taxonomy":"category","embeddable":true,"href":"https:\/\/agora.xtec.cat\/iesmiquelbosch\/wp-json\/wp\/v2\/categories?post=10455"},{"taxonomy":"post_tag","embeddable":true,"href":"https:\/\/agora.xtec.cat\/iesmiquelbosch\/wp-json\/wp\/v2\/tags?post=10455"}],"curies":[{"name":"wp","href":"https:\/\/api.w.org\/{rel}","templated":true}]}}