{"id":10436,"date":"2023-04-12T13:29:55","date_gmt":"2023-04-12T11:29:55","guid":{"rendered":"https:\/\/agora.xtec.cat\/iesmiquelbosch\/?p=10436"},"modified":"2023-05-29T17:33:20","modified_gmt":"2023-05-29T15:33:20","slug":"preinscripcio-i-matricula-batxillerat-23-24","status":"publish","type":"post","link":"https:\/\/agora.xtec.cat\/iesmiquelbosch\/general\/preinscripcio-i-matricula-batxillerat-23-24\/","title":{"rendered":"Preinscripci\u00f3 i matr\u00edcula Batxillerat 23-24"},"content":{"rendered":"<p>En aquest\u00a0<a href=\"https:\/\/agora.xtec.cat\/iesmiquelbosch\/qui-som\/secretaria\/preinscripcio-i-matricula-btx-2\/\">enlla\u00e7<\/a>\u00a0trobareu la informaci\u00f3 sobre la preinscripci\u00f3 i matr\u00edcula del curs 23-24.<\/p>\n","protected":false},"excerpt":{"rendered":"<p>En aquest\u00a0<a href=\"https:\/\/agora.xtec.cat\/iesmiquelbosch\/qui-som\/secretaria\/preinscripcio-i-matricula-btx-2\/\">enlla\u00e7<\/a>\u00a0trobareu la informaci\u00f3 sobre la preinscripci\u00f3 i matr\u00edcula del curs 23-24.<\/p>\n","protected":false},"author":33,"featured_media":10437,"comment_status":"closed","ping_status":"closed","sticky":false,"template":"","format":"standard","meta":{"_bbp_topic_count":0,"_bbp_reply_count":0,"_bbp_total_topic_count":0,"_bbp_total_reply_count":0,"_bbp_voice_count":0,"_bbp_anonymous_reply_count":0,"_bbp_topic_count_hidden":0,"_bbp_reply_count_hidden":0,"_bbp_forum_subforum_count":0,"footnotes":""},"categories":[1],"tags":[],"class_list":["post-10436","post","type-post","status-publish","format-standard","has-post-thumbnail","hentry","category-general"],"post_mailing_queue_ids":[],"_links":{"self":[{"href":"https:\/\/agora.xtec.cat\/iesmiquelbosch\/wp-json\/wp\/v2\/posts\/10436","targetHints":{"allow":["GET"]}}],"collection":[{"href":"https:\/\/agora.xtec.cat\/iesmiquelbosch\/wp-json\/wp\/v2\/posts"}],"about":[{"href":"https:\/\/agora.xtec.cat\/iesmiquelbosch\/wp-json\/wp\/v2\/types\/post"}],"author":[{"embeddable":true,"href":"https:\/\/agora.xtec.cat\/iesmiquelbosch\/wp-json\/wp\/v2\/users\/33"}],"replies":[{"embeddable":true,"href":"https:\/\/agora.xtec.cat\/iesmiquelbosch\/wp-json\/wp\/v2\/comments?post=10436"}],"version-history":[{"count":3,"href":"https:\/\/agora.xtec.cat\/iesmiquelbosch\/wp-json\/wp\/v2\/posts\/10436\/revisions"}],"predecessor-version":[{"id":10440,"href":"https:\/\/agora.xtec.cat\/iesmiquelbosch\/wp-json\/wp\/v2\/posts\/10436\/revisions\/10440"}],"wp:featuredmedia":[{"embeddable":true,"href":"https:\/\/agora.xtec.cat\/iesmiquelbosch\/wp-json\/wp\/v2\/media\/10437"}],"wp:attachment":[{"href":"https:\/\/agora.xtec.cat\/iesmiquelbosch\/wp-json\/wp\/v2\/media?parent=10436"}],"wp:term":[{"taxonomy":"category","embeddable":true,"href":"https:\/\/agora.xtec.cat\/iesmiquelbosch\/wp-json\/wp\/v2\/categories?post=10436"},{"taxonomy":"post_tag","embeddable":true,"href":"https:\/\/agora.xtec.cat\/iesmiquelbosch\/wp-json\/wp\/v2\/tags?post=10436"}],"curies":[{"name":"wp","href":"https:\/\/api.w.org\/{rel}","templated":true}]}}