{"id":10418,"date":"2023-04-11T10:07:04","date_gmt":"2023-04-11T08:07:04","guid":{"rendered":"https:\/\/agora.xtec.cat\/iesmiquelbosch\/?p=10418"},"modified":"2023-04-17T09:32:47","modified_gmt":"2023-04-17T07:32:47","slug":"sant-feliu-sasserra-i-olost","status":"publish","type":"post","link":"https:\/\/agora.xtec.cat\/iesmiquelbosch\/general\/sant-feliu-sasserra-i-olost\/","title":{"rendered":"Sant Feliu Sasserra i Olost"},"content":{"rendered":"<p>El dia 15 de mar\u00e7, els alumnes de 3r d&#8217;ESO van fer una sortida a Sant Feliu Sasserra i Orist\u00e0. Primer van fer una visita guiada i un joc al Centre d&#8217;Interpretaci\u00f3 Rocaguinarda d&#8217;Olost, dedicat a la vida del bandoler Perot Rocaguinarda, nascut a Orist\u00e0. Despr\u00e9s es van despla\u00e7ar a Sant Feliu Sasserra per visitar el Centre d&#8217;Interpretaci\u00f3 de la Bruixeria, on van con\u00e8ixer les creences i costums de la bruixeria popular i les mesures de protecci\u00f3 que la poblaci\u00f3 prenien, a m\u00e9s d&#8217;endinsar-se en la persecuci\u00f3, tortura o mort de les dones acusades de pr\u00e0ctiques de bruixeria.<\/p>\n<p>Trobareu m\u00e9s fotos a l&#8217;apartat d&#8217;\u00e0lbums Google d&#8217;aquesta p\u00e0gina web.<\/p>\n<p><a href=\"https:\/\/agora.xtec.cat\/iesmiquelbosch\/wp-content\/uploads\/usu626\/2023\/04\/unnamed-2-scaled.jpg\"><img loading=\"lazy\" decoding=\"async\" class=\"alignnone size-full wp-image-10444\" src=\"https:\/\/agora.xtec.cat\/iesmiquelbosch\/wp-content\/uploads\/usu626\/2023\/04\/unnamed-2-scaled.jpg\" alt=\"\" width=\"1920\" height=\"2560\" srcset=\"https:\/\/agora.xtec.cat\/iesmiquelbosch\/wp-content\/uploads\/usu626\/2023\/04\/unnamed-2-scaled.jpg 1920w, https:\/\/agora.xtec.cat\/iesmiquelbosch\/wp-content\/uploads\/usu626\/2023\/04\/unnamed-2-225x300.jpg 225w, https:\/\/agora.xtec.cat\/iesmiquelbosch\/wp-content\/uploads\/usu626\/2023\/04\/unnamed-2-768x1024.jpg 768w, https:\/\/agora.xtec.cat\/iesmiquelbosch\/wp-content\/uploads\/usu626\/2023\/04\/unnamed-2-1152x1536.jpg 1152w, https:\/\/agora.xtec.cat\/iesmiquelbosch\/wp-content\/uploads\/usu626\/2023\/04\/unnamed-2-1536x2048.jpg 1536w\" sizes=\"auto, (max-width: 1920px) 100vw, 1920px\" \/><\/a> <a href=\"https:\/\/agora.xtec.cat\/iesmiquelbosch\/wp-content\/uploads\/usu626\/2023\/04\/unnamed-7-scaled.jpg\"><img loading=\"lazy\" decoding=\"async\" class=\"alignnone size-full wp-image-10445\" src=\"https:\/\/agora.xtec.cat\/iesmiquelbosch\/wp-content\/uploads\/usu626\/2023\/04\/unnamed-7-scaled.jpg\" alt=\"\" width=\"1920\" height=\"2560\" srcset=\"https:\/\/agora.xtec.cat\/iesmiquelbosch\/wp-content\/uploads\/usu626\/2023\/04\/unnamed-7-scaled.jpg 1920w, https:\/\/agora.xtec.cat\/iesmiquelbosch\/wp-content\/uploads\/usu626\/2023\/04\/unnamed-7-225x300.jpg 225w, https:\/\/agora.xtec.cat\/iesmiquelbosch\/wp-content\/uploads\/usu626\/2023\/04\/unnamed-7-768x1024.jpg 768w, https:\/\/agora.xtec.cat\/iesmiquelbosch\/wp-content\/uploads\/usu626\/2023\/04\/unnamed-7-1152x1536.jpg 1152w, https:\/\/agora.xtec.cat\/iesmiquelbosch\/wp-content\/uploads\/usu626\/2023\/04\/unnamed-7-1536x2048.jpg 1536w\" sizes=\"auto, (max-width: 1920px) 100vw, 1920px\" \/><\/a><\/p>\n","protected":false},"excerpt":{"rendered":"<p>El dia 15 de mar\u00e7, els alumnes de 3r d&#8217;ESO van fer una sortida a Sant Feliu Sasserra i Orist\u00e0. Primer van fer una visita guiada i un joc al Centre d&#8217;Interpretaci\u00f3 Rocaguinarda d&#8217;Olost, dedicat a la vida del bandoler Perot Rocaguinarda, nascut a Orist\u00e0.&hellip;  <a href=\"https:\/\/agora.xtec.cat\/iesmiquelbosch\/general\/sant-feliu-sasserra-i-olost\/\" title=\"Read Sant Feliu Sasserra i Olost\">Llegeix m\u00e9s\u00bb<\/a><\/p>\n","protected":false},"author":1,"featured_media":10444,"comment_status":"closed","ping_status":"closed","sticky":false,"template":"","format":"standard","meta":{"_bbp_topic_count":0,"_bbp_reply_count":0,"_bbp_total_topic_count":0,"_bbp_total_reply_count":0,"_bbp_voice_count":0,"_bbp_anonymous_reply_count":0,"_bbp_topic_count_hidden":0,"_bbp_reply_count_hidden":0,"_bbp_forum_subforum_count":0,"footnotes":""},"categories":[1],"tags":[],"class_list":["post-10418","post","type-post","status-publish","format-standard","has-post-thumbnail","hentry","category-general"],"post_mailing_queue_ids":[],"_links":{"self":[{"href":"https:\/\/agora.xtec.cat\/iesmiquelbosch\/wp-json\/wp\/v2\/posts\/10418","targetHints":{"allow":["GET"]}}],"collection":[{"href":"https:\/\/agora.xtec.cat\/iesmiquelbosch\/wp-json\/wp\/v2\/posts"}],"about":[{"href":"https:\/\/agora.xtec.cat\/iesmiquelbosch\/wp-json\/wp\/v2\/types\/post"}],"author":[{"embeddable":true,"href":"https:\/\/agora.xtec.cat\/iesmiquelbosch\/wp-json\/wp\/v2\/users\/1"}],"replies":[{"embeddable":true,"href":"https:\/\/agora.xtec.cat\/iesmiquelbosch\/wp-json\/wp\/v2\/comments?post=10418"}],"version-history":[{"count":2,"href":"https:\/\/agora.xtec.cat\/iesmiquelbosch\/wp-json\/wp\/v2\/posts\/10418\/revisions"}],"predecessor-version":[{"id":10446,"href":"https:\/\/agora.xtec.cat\/iesmiquelbosch\/wp-json\/wp\/v2\/posts\/10418\/revisions\/10446"}],"wp:featuredmedia":[{"embeddable":true,"href":"https:\/\/agora.xtec.cat\/iesmiquelbosch\/wp-json\/wp\/v2\/media\/10444"}],"wp:attachment":[{"href":"https:\/\/agora.xtec.cat\/iesmiquelbosch\/wp-json\/wp\/v2\/media?parent=10418"}],"wp:term":[{"taxonomy":"category","embeddable":true,"href":"https:\/\/agora.xtec.cat\/iesmiquelbosch\/wp-json\/wp\/v2\/categories?post=10418"},{"taxonomy":"post_tag","embeddable":true,"href":"https:\/\/agora.xtec.cat\/iesmiquelbosch\/wp-json\/wp\/v2\/tags?post=10418"}],"curies":[{"name":"wp","href":"https:\/\/api.w.org\/{rel}","templated":true}]}}