{"id":10340,"date":"2023-03-18T08:59:13","date_gmt":"2023-03-18T07:59:13","guid":{"rendered":"https:\/\/agora.xtec.cat\/iesmiquelbosch\/?p=10340"},"modified":"2023-04-02T09:09:34","modified_gmt":"2023-04-02T07:09:34","slug":"xix-edicio-del-certamen-de-lectura-en-veu-alta","status":"publish","type":"post","link":"https:\/\/agora.xtec.cat\/iesmiquelbosch\/general\/xix-edicio-del-certamen-de-lectura-en-veu-alta\/","title":{"rendered":"XIX edici\u00f3 del Certamen de Lectura en Veu Alta"},"content":{"rendered":"<p>El passat 14 de mar\u00e7 es va celebrar a l&#8217;Auditori del Convent de\u00a0Sant Francesc de Santpedor\u00a0la XIX edici\u00f3 del Certamen de Lectura en Veu Alta, una iniciativa que va n\u00e9ixer de la m\u00e0 del Departament d&#8217;Educaci\u00f3 i de la Fundaci\u00f3 Enciclop\u00e8dia Catalana amb l\u2019objectiu de promoure l\u2019h\u00e0bit lector i el gaudi de la lectura compartida en veu alta entre l\u2019alumnat.<\/p>\n<p>Els alumnes del nostre centre que havien estat seleccionats pr\u00e8viament van defensar la seva lectura davant el p\u00fablic assistent i van mostrar un bon nivell. Malgrat que no van passar a la final, felicitem per la feina feta a l&#8217;<span style=\"font-family: inherit; font-size: 1em;\">Akram Oumouch, el Jordi Mas, l&#8217;<\/span><span style=\"font-family: inherit; font-size: 1em;\">Ona Mart\u00ednez, el Mart\u00ed Perramon i l&#8217;Agust\u00ed Baena.<\/span><\/p>\n<p><a href=\"https:\/\/agora.xtec.cat\/iesmiquelbosch\/wp-content\/uploads\/usu626\/2023\/04\/AnyConv.com__bd2dd073-ebf5-4cfa-afcd-95c2ddbb75d7-1.jpg\"><img loading=\"lazy\" decoding=\"async\" class=\"alignnone size-full wp-image-10342\" src=\"https:\/\/agora.xtec.cat\/iesmiquelbosch\/wp-content\/uploads\/usu626\/2023\/04\/AnyConv.com__bd2dd073-ebf5-4cfa-afcd-95c2ddbb75d7-1.jpg\" alt=\"\" width=\"1536\" height=\"2048\" srcset=\"https:\/\/agora.xtec.cat\/iesmiquelbosch\/wp-content\/uploads\/usu626\/2023\/04\/AnyConv.com__bd2dd073-ebf5-4cfa-afcd-95c2ddbb75d7-1.jpg 1536w, https:\/\/agora.xtec.cat\/iesmiquelbosch\/wp-content\/uploads\/usu626\/2023\/04\/AnyConv.com__bd2dd073-ebf5-4cfa-afcd-95c2ddbb75d7-1-225x300.jpg 225w, https:\/\/agora.xtec.cat\/iesmiquelbosch\/wp-content\/uploads\/usu626\/2023\/04\/AnyConv.com__bd2dd073-ebf5-4cfa-afcd-95c2ddbb75d7-1-768x1024.jpg 768w, https:\/\/agora.xtec.cat\/iesmiquelbosch\/wp-content\/uploads\/usu626\/2023\/04\/AnyConv.com__bd2dd073-ebf5-4cfa-afcd-95c2ddbb75d7-1-1152x1536.jpg 1152w\" sizes=\"auto, (max-width: 1536px) 100vw, 1536px\" \/><\/a> <a href=\"https:\/\/agora.xtec.cat\/iesmiquelbosch\/wp-content\/uploads\/usu626\/2023\/04\/AnyConv.com__bc36a821-e0de-4a84-845a-5a07a6fcf6ca-1.jpg\"><img loading=\"lazy\" decoding=\"async\" class=\"alignnone size-full wp-image-10343\" src=\"https:\/\/agora.xtec.cat\/iesmiquelbosch\/wp-content\/uploads\/usu626\/2023\/04\/AnyConv.com__bc36a821-e0de-4a84-845a-5a07a6fcf6ca-1.jpg\" alt=\"\" width=\"2048\" height=\"1536\" srcset=\"https:\/\/agora.xtec.cat\/iesmiquelbosch\/wp-content\/uploads\/usu626\/2023\/04\/AnyConv.com__bc36a821-e0de-4a84-845a-5a07a6fcf6ca-1.jpg 2048w, https:\/\/agora.xtec.cat\/iesmiquelbosch\/wp-content\/uploads\/usu626\/2023\/04\/AnyConv.com__bc36a821-e0de-4a84-845a-5a07a6fcf6ca-1-300x225.jpg 300w, https:\/\/agora.xtec.cat\/iesmiquelbosch\/wp-content\/uploads\/usu626\/2023\/04\/AnyConv.com__bc36a821-e0de-4a84-845a-5a07a6fcf6ca-1-1024x768.jpg 1024w, https:\/\/agora.xtec.cat\/iesmiquelbosch\/wp-content\/uploads\/usu626\/2023\/04\/AnyConv.com__bc36a821-e0de-4a84-845a-5a07a6fcf6ca-1-768x576.jpg 768w, https:\/\/agora.xtec.cat\/iesmiquelbosch\/wp-content\/uploads\/usu626\/2023\/04\/AnyConv.com__bc36a821-e0de-4a84-845a-5a07a6fcf6ca-1-1536x1152.jpg 1536w, https:\/\/agora.xtec.cat\/iesmiquelbosch\/wp-content\/uploads\/usu626\/2023\/04\/AnyConv.com__bc36a821-e0de-4a84-845a-5a07a6fcf6ca-1-200x150.jpg 200w\" sizes=\"auto, (max-width: 2048px) 100vw, 2048px\" \/><\/a> <a href=\"https:\/\/agora.xtec.cat\/iesmiquelbosch\/wp-content\/uploads\/usu626\/2023\/04\/AnyConv.com__ad0e2f20-d06b-4f16-9252-6af102813a74-2.jpg\"><img loading=\"lazy\" decoding=\"async\" class=\"alignnone size-full wp-image-10344\" src=\"https:\/\/agora.xtec.cat\/iesmiquelbosch\/wp-content\/uploads\/usu626\/2023\/04\/AnyConv.com__ad0e2f20-d06b-4f16-9252-6af102813a74-2.jpg\" alt=\"\" width=\"1536\" height=\"2048\" srcset=\"https:\/\/agora.xtec.cat\/iesmiquelbosch\/wp-content\/uploads\/usu626\/2023\/04\/AnyConv.com__ad0e2f20-d06b-4f16-9252-6af102813a74-2.jpg 1536w, https:\/\/agora.xtec.cat\/iesmiquelbosch\/wp-content\/uploads\/usu626\/2023\/04\/AnyConv.com__ad0e2f20-d06b-4f16-9252-6af102813a74-2-225x300.jpg 225w, https:\/\/agora.xtec.cat\/iesmiquelbosch\/wp-content\/uploads\/usu626\/2023\/04\/AnyConv.com__ad0e2f20-d06b-4f16-9252-6af102813a74-2-768x1024.jpg 768w, https:\/\/agora.xtec.cat\/iesmiquelbosch\/wp-content\/uploads\/usu626\/2023\/04\/AnyConv.com__ad0e2f20-d06b-4f16-9252-6af102813a74-2-1152x1536.jpg 1152w\" sizes=\"auto, (max-width: 1536px) 100vw, 1536px\" \/><\/a> \u00a0<a href=\"https:\/\/agora.xtec.cat\/iesmiquelbosch\/wp-content\/uploads\/usu626\/2023\/04\/AnyConv.com__66dcf6d5-e58d-422f-a07f-ceb1ff5089c1-2.jpg\"><img loading=\"lazy\" decoding=\"async\" class=\"alignnone size-full wp-image-10346\" src=\"https:\/\/agora.xtec.cat\/iesmiquelbosch\/wp-content\/uploads\/usu626\/2023\/04\/AnyConv.com__66dcf6d5-e58d-422f-a07f-ceb1ff5089c1-2.jpg\" alt=\"\" width=\"1536\" height=\"2048\" srcset=\"https:\/\/agora.xtec.cat\/iesmiquelbosch\/wp-content\/uploads\/usu626\/2023\/04\/AnyConv.com__66dcf6d5-e58d-422f-a07f-ceb1ff5089c1-2.jpg 1536w, https:\/\/agora.xtec.cat\/iesmiquelbosch\/wp-content\/uploads\/usu626\/2023\/04\/AnyConv.com__66dcf6d5-e58d-422f-a07f-ceb1ff5089c1-2-225x300.jpg 225w, https:\/\/agora.xtec.cat\/iesmiquelbosch\/wp-content\/uploads\/usu626\/2023\/04\/AnyConv.com__66dcf6d5-e58d-422f-a07f-ceb1ff5089c1-2-768x1024.jpg 768w, https:\/\/agora.xtec.cat\/iesmiquelbosch\/wp-content\/uploads\/usu626\/2023\/04\/AnyConv.com__66dcf6d5-e58d-422f-a07f-ceb1ff5089c1-2-1152x1536.jpg 1152w\" sizes=\"auto, (max-width: 1536px) 100vw, 1536px\" \/><\/a> <a href=\"https:\/\/agora.xtec.cat\/iesmiquelbosch\/wp-content\/uploads\/usu626\/2023\/04\/AnyConv.com__40aa5777-05e5-4405-ac44-f8e10f7c3ab8-1.jpg\"><img loading=\"lazy\" decoding=\"async\" class=\"alignnone size-full wp-image-10347\" src=\"https:\/\/agora.xtec.cat\/iesmiquelbosch\/wp-content\/uploads\/usu626\/2023\/04\/AnyConv.com__40aa5777-05e5-4405-ac44-f8e10f7c3ab8-1.jpg\" alt=\"\" width=\"1536\" height=\"2048\" srcset=\"https:\/\/agora.xtec.cat\/iesmiquelbosch\/wp-content\/uploads\/usu626\/2023\/04\/AnyConv.com__40aa5777-05e5-4405-ac44-f8e10f7c3ab8-1.jpg 1536w, https:\/\/agora.xtec.cat\/iesmiquelbosch\/wp-content\/uploads\/usu626\/2023\/04\/AnyConv.com__40aa5777-05e5-4405-ac44-f8e10f7c3ab8-1-225x300.jpg 225w, https:\/\/agora.xtec.cat\/iesmiquelbosch\/wp-content\/uploads\/usu626\/2023\/04\/AnyConv.com__40aa5777-05e5-4405-ac44-f8e10f7c3ab8-1-768x1024.jpg 768w, https:\/\/agora.xtec.cat\/iesmiquelbosch\/wp-content\/uploads\/usu626\/2023\/04\/AnyConv.com__40aa5777-05e5-4405-ac44-f8e10f7c3ab8-1-1152x1536.jpg 1152w\" sizes=\"auto, (max-width: 1536px) 100vw, 1536px\" \/><\/a><\/p>\n","protected":false},"excerpt":{"rendered":"<p>El passat 14 de mar\u00e7 es va celebrar a l&#8217;Auditori del Convent de\u00a0Sant Francesc de Santpedor\u00a0la XIX edici\u00f3 del Certamen de Lectura en Veu Alta, una iniciativa que va n\u00e9ixer de la m\u00e0 del Departament d&#8217;Educaci\u00f3 i de la Fundaci\u00f3 Enciclop\u00e8dia Catalana amb l\u2019objectiu de&hellip;  <a href=\"https:\/\/agora.xtec.cat\/iesmiquelbosch\/general\/xix-edicio-del-certamen-de-lectura-en-veu-alta\/\" title=\"Read XIX edici\u00f3 del Certamen de Lectura en Veu Alta\">Llegeix m\u00e9s\u00bb<\/a><\/p>\n","protected":false},"author":1,"featured_media":10345,"comment_status":"closed","ping_status":"closed","sticky":false,"template":"","format":"standard","meta":{"_bbp_topic_count":0,"_bbp_reply_count":0,"_bbp_total_topic_count":0,"_bbp_total_reply_count":0,"_bbp_voice_count":0,"_bbp_anonymous_reply_count":0,"_bbp_topic_count_hidden":0,"_bbp_reply_count_hidden":0,"_bbp_forum_subforum_count":0,"footnotes":""},"categories":[1],"tags":[],"class_list":["post-10340","post","type-post","status-publish","format-standard","has-post-thumbnail","hentry","category-general"],"post_mailing_queue_ids":[],"_links":{"self":[{"href":"https:\/\/agora.xtec.cat\/iesmiquelbosch\/wp-json\/wp\/v2\/posts\/10340","targetHints":{"allow":["GET"]}}],"collection":[{"href":"https:\/\/agora.xtec.cat\/iesmiquelbosch\/wp-json\/wp\/v2\/posts"}],"about":[{"href":"https:\/\/agora.xtec.cat\/iesmiquelbosch\/wp-json\/wp\/v2\/types\/post"}],"author":[{"embeddable":true,"href":"https:\/\/agora.xtec.cat\/iesmiquelbosch\/wp-json\/wp\/v2\/users\/1"}],"replies":[{"embeddable":true,"href":"https:\/\/agora.xtec.cat\/iesmiquelbosch\/wp-json\/wp\/v2\/comments?post=10340"}],"version-history":[{"count":1,"href":"https:\/\/agora.xtec.cat\/iesmiquelbosch\/wp-json\/wp\/v2\/posts\/10340\/revisions"}],"predecessor-version":[{"id":10348,"href":"https:\/\/agora.xtec.cat\/iesmiquelbosch\/wp-json\/wp\/v2\/posts\/10340\/revisions\/10348"}],"wp:featuredmedia":[{"embeddable":true,"href":"https:\/\/agora.xtec.cat\/iesmiquelbosch\/wp-json\/wp\/v2\/media\/10345"}],"wp:attachment":[{"href":"https:\/\/agora.xtec.cat\/iesmiquelbosch\/wp-json\/wp\/v2\/media?parent=10340"}],"wp:term":[{"taxonomy":"category","embeddable":true,"href":"https:\/\/agora.xtec.cat\/iesmiquelbosch\/wp-json\/wp\/v2\/categories?post=10340"},{"taxonomy":"post_tag","embeddable":true,"href":"https:\/\/agora.xtec.cat\/iesmiquelbosch\/wp-json\/wp\/v2\/tags?post=10340"}],"curies":[{"name":"wp","href":"https:\/\/api.w.org\/{rel}","templated":true}]}}