{"id":8528,"date":"2026-03-25T13:30:14","date_gmt":"2026-03-25T12:30:14","guid":{"rendered":"https:\/\/agora.xtec.cat\/iesmila\/?p=8528"},"modified":"2026-04-24T08:31:45","modified_gmt":"2026-04-24T06:31:45","slug":"activitats-comercials-observem-la-dinamitzacio-dels-comercos-digualada","status":"publish","type":"post","link":"https:\/\/agora.xtec.cat\/iesmila\/cfgm\/cm10\/cm10-1a\/activitats-comercials-observem-la-dinamitzacio-dels-comercos-digualada\/","title":{"rendered":"Activitats Comercials observem la dinamitzaci\u00f3 dels comer\u00e7os d&#8217;Igualada"},"content":{"rendered":"<div>El passat 25 de mar\u00e7 els alumnes de 1er d&#8217;Activitats Comercials vam poder visitar Rosich Joiers, Franquesa i Abacus.<\/div>\n<div>Vam poder con\u00e8ixer de primera m\u00e0 com dissenyen els seus\u00a0<span class=\"il\">aparadors<\/span>\u00a0per atraure al consumidor i com distribueixen l&#8217;espai de la botiga.<\/div>\n<div>Aquesta va ser una activitat en col\u00b7laboraci\u00f3 amb la Uni\u00f3 Empresarial de l&#8217;Anoia dins el marc de Professions de Futur.<\/div>\n<div>Molt agra\u00efts a la UEA i als comer\u00e7os col\u00b7laboradors.<\/div>\n<div><a href=\"https:\/\/agora.xtec.cat\/iesmila\/wp-content\/uploads\/usu844\/2026\/04\/Picsart_26-03-26_11-02-32-888.jpg\"><img loading=\"lazy\" decoding=\"async\" class=\"alignleft size-full wp-image-8529\" src=\"https:\/\/agora.xtec.cat\/iesmila\/wp-content\/uploads\/usu844\/2026\/04\/Picsart_26-03-26_11-02-32-888.jpg\" alt=\"\" width=\"1024\" height=\"1024\" srcset=\"https:\/\/agora.xtec.cat\/iesmila\/wp-content\/uploads\/usu844\/2026\/04\/Picsart_26-03-26_11-02-32-888.jpg 1024w, https:\/\/agora.xtec.cat\/iesmila\/wp-content\/uploads\/usu844\/2026\/04\/Picsart_26-03-26_11-02-32-888-300x300.jpg 300w, https:\/\/agora.xtec.cat\/iesmila\/wp-content\/uploads\/usu844\/2026\/04\/Picsart_26-03-26_11-02-32-888-150x150.jpg 150w, https:\/\/agora.xtec.cat\/iesmila\/wp-content\/uploads\/usu844\/2026\/04\/Picsart_26-03-26_11-02-32-888-768x768.jpg 768w\" sizes=\"auto, (max-width: 1024px) 100vw, 1024px\" \/><\/a><\/div>\n","protected":false},"excerpt":{"rendered":"<p>El passat 25 de mar\u00e7 els alumnes de 1er d&#8217;Activitats Comercials vam poder visitar Rosich Joiers, Franquesa i Abacus.<br \/>\nVam poder con\u00e8ixer de primera m\u00e0 com dissenyen els seus\u00a0aparadors\u00a0per atraure al consumidor i com distribueixen l&#8217;espai de la botiga.<br \/>\nAquesta va ser una activitat en col\u00b7laboraci\u00f3 amb&hellip;  <a href=\"https:\/\/agora.xtec.cat\/iesmila\/cfgm\/cm10\/cm10-1a\/activitats-comercials-observem-la-dinamitzacio-dels-comercos-digualada\/\" title=\"Read Activitats Comercials observem la dinamitzaci\u00f3 dels comer\u00e7os d&#8217;Igualada\">Llegeix m\u00e9s\u00bb<\/a><\/p>\n","protected":false},"author":1,"featured_media":8529,"comment_status":"closed","ping_status":"open","sticky":false,"template":"","format":"standard","meta":{"_bbp_topic_count":0,"_bbp_reply_count":0,"_bbp_total_topic_count":0,"_bbp_total_reply_count":0,"_bbp_voice_count":0,"_bbp_anonymous_reply_count":0,"_bbp_topic_count_hidden":0,"_bbp_reply_count_hidden":0,"_bbp_forum_subforum_count":0,"footnotes":""},"categories":[14,29],"tags":[],"class_list":["post-8528","post","type-post","status-publish","format-standard","has-post-thumbnail","hentry","category-cm10-1a","category-portada"],"post_mailing_queue_ids":[],"_links":{"self":[{"href":"https:\/\/agora.xtec.cat\/iesmila\/wp-json\/wp\/v2\/posts\/8528","targetHints":{"allow":["GET"]}}],"collection":[{"href":"https:\/\/agora.xtec.cat\/iesmila\/wp-json\/wp\/v2\/posts"}],"about":[{"href":"https:\/\/agora.xtec.cat\/iesmila\/wp-json\/wp\/v2\/types\/post"}],"author":[{"embeddable":true,"href":"https:\/\/agora.xtec.cat\/iesmila\/wp-json\/wp\/v2\/users\/1"}],"replies":[{"embeddable":true,"href":"https:\/\/agora.xtec.cat\/iesmila\/wp-json\/wp\/v2\/comments?post=8528"}],"version-history":[{"count":1,"href":"https:\/\/agora.xtec.cat\/iesmila\/wp-json\/wp\/v2\/posts\/8528\/revisions"}],"predecessor-version":[{"id":8530,"href":"https:\/\/agora.xtec.cat\/iesmila\/wp-json\/wp\/v2\/posts\/8528\/revisions\/8530"}],"wp:featuredmedia":[{"embeddable":true,"href":"https:\/\/agora.xtec.cat\/iesmila\/wp-json\/wp\/v2\/media\/8529"}],"wp:attachment":[{"href":"https:\/\/agora.xtec.cat\/iesmila\/wp-json\/wp\/v2\/media?parent=8528"}],"wp:term":[{"taxonomy":"category","embeddable":true,"href":"https:\/\/agora.xtec.cat\/iesmila\/wp-json\/wp\/v2\/categories?post=8528"},{"taxonomy":"post_tag","embeddable":true,"href":"https:\/\/agora.xtec.cat\/iesmila\/wp-json\/wp\/v2\/tags?post=8528"}],"curies":[{"name":"wp","href":"https:\/\/api.w.org\/{rel}","templated":true}]}}