{"id":8510,"date":"2026-04-17T12:09:17","date_gmt":"2026-04-17T10:09:17","guid":{"rendered":"https:\/\/agora.xtec.cat\/iesmila\/?p=8510"},"modified":"2026-04-17T12:09:17","modified_gmt":"2026-04-17T10:09:17","slug":"convocatoria-beca-mobilitat-per-a-realitzar-lestada-a-lempresa-a-limoges-franca-alumnat-aea0","status":"publish","type":"post","link":"https:\/\/agora.xtec.cat\/iesmila\/portada\/convocatoria-beca-mobilitat-per-a-realitzar-lestada-a-lempresa-a-limoges-franca-alumnat-aea0\/","title":{"rendered":"Convocat\u00f2ria beca mobilitat per a realitzar l&#8217;estada a l&#8217;empresa a Limoges (Fran\u00e7a), alumnat AEA0"},"content":{"rendered":"<p>L\u2019INS Mil\u00e0 i Fontanals, dins el projecte 2025-1-ES01-KA131-HED-000327615 del programa Erasmus+, convoca <strong>2 beques <\/strong>de mobilitat per realitzar l\u2019estada a l\u2019empresa a Limoges (Fran\u00e7a).<\/p>\n<p>Aquesta activitat es realitzar\u00e0 dintre del per\u00edode dels mesos de maig, juny i juliol amb una durada de 60 dies.<\/p>\n<p>La convocat\u00f2ria va adre\u00e7ada a l\u2019alumnat major d\u2019edat que estigui cursant el Cicle Formatiu de Grau Superior d\u2019 Ensenyament i animaci\u00f3 esportiva (AEA0) a l\u2019INS Mil\u00e0 i Fontanals durant el curs escolar 2025-26.<\/p>\n<p><strong>REQUISITS<\/strong><\/p>\n<p><span style=\"font-family: inherit; font-size: 1em;\">Certificat negatiu de delictes de naturalesa sexual.<\/span><\/p>\n<p><strong>SOL\u00b7LICITUDS<\/strong><\/p>\n<p>L\u2019ALUMNAT que vulgui participar en la convocat\u00f2ria cal que presenti la sol\u00b7licitud per mitj\u00e0 d\u2019inst\u00e0ncia gen\u00e8rica. Aquest document es troba al web de l\u2019Institut Mil\u00e0 i Fontanals: <u>https:\/\/agora.xtec.cat\/iesmila\/secretaria\/tramits-i-documentacio\/<\/u><\/p>\n<p>A la sol\u00b7licitud, s\u2019ha d\u2019afegir una c\u00f2pia de la Targeta Sanit\u00e0ria Europea, de la documentaci\u00f3 legal requerida per viatjar a Fran\u00e7a i de la documentaci\u00f3 acreditativa dels requisits de la convocat\u00f2ria.<\/p>\n<p>La inst\u00e0ncia i tota la documentaci\u00f3 que s\u2019aporti s\u2019ha d\u2019enviar a la seg\u00fcent adre\u00e7a de correu: <a href=\"mailto:mobilitat@milaifontanals.cat\">mobilitat@milaifontanals.cat<\/a><\/p>\n<p>El termini de presentaci\u00f3 de les sol\u00b7licituds de participaci\u00f3 finalitza el <strong>dimarts 28 d\u2019abril de 2026.<\/strong><\/p>\n<p><a href=\"https:\/\/agora.xtec.cat\/iesmila\/wp-content\/uploads\/usu844\/2026\/04\/BASES-convocatoria-mobilitat-ALUMNAT-AEA0_Franca_2026.pdf\">BASES-convocatoria-mobilitat-ALUMNAT-AEA0_Franc\u0327a_2026<\/a><\/p>\n","protected":false},"excerpt":{"rendered":"<p>L\u2019INS Mil\u00e0 i Fontanals, dins el projecte 2025-1-ES01-KA131-HED-000327615 del programa Erasmus+, convoca 2 beques de mobilitat per realitzar l\u2019estada a l\u2019empresa a Limoges (Fran\u00e7a).<br \/>\nAquesta activitat es realitzar\u00e0 dintre del per\u00edode dels mesos de maig, juny i juliol amb una durada de 60 dies.<br \/>\nLa convocat\u00f2ria va&hellip;  <a href=\"https:\/\/agora.xtec.cat\/iesmila\/portada\/convocatoria-beca-mobilitat-per-a-realitzar-lestada-a-lempresa-a-limoges-franca-alumnat-aea0\/\" title=\"Read Convocat\u00f2ria beca mobilitat per a realitzar l&#8217;estada a l&#8217;empresa a Limoges (Fran\u00e7a), alumnat AEA0\">Llegeix m\u00e9s\u00bb<\/a><\/p>\n","protected":false},"author":1,"featured_media":8512,"comment_status":"closed","ping_status":"open","sticky":false,"template":"","format":"standard","meta":{"_bbp_topic_count":0,"_bbp_reply_count":0,"_bbp_total_topic_count":0,"_bbp_total_reply_count":0,"_bbp_voice_count":0,"_bbp_anonymous_reply_count":0,"_bbp_topic_count_hidden":0,"_bbp_reply_count_hidden":0,"_bbp_forum_subforum_count":0,"footnotes":""},"categories":[103,102,29],"tags":[],"class_list":["post-8510","post","type-post","status-publish","format-standard","has-post-thumbnail","hentry","category-aea0","category-erasmus","category-portada"],"post_mailing_queue_ids":[],"_links":{"self":[{"href":"https:\/\/agora.xtec.cat\/iesmila\/wp-json\/wp\/v2\/posts\/8510","targetHints":{"allow":["GET"]}}],"collection":[{"href":"https:\/\/agora.xtec.cat\/iesmila\/wp-json\/wp\/v2\/posts"}],"about":[{"href":"https:\/\/agora.xtec.cat\/iesmila\/wp-json\/wp\/v2\/types\/post"}],"author":[{"embeddable":true,"href":"https:\/\/agora.xtec.cat\/iesmila\/wp-json\/wp\/v2\/users\/1"}],"replies":[{"embeddable":true,"href":"https:\/\/agora.xtec.cat\/iesmila\/wp-json\/wp\/v2\/comments?post=8510"}],"version-history":[{"count":1,"href":"https:\/\/agora.xtec.cat\/iesmila\/wp-json\/wp\/v2\/posts\/8510\/revisions"}],"predecessor-version":[{"id":8513,"href":"https:\/\/agora.xtec.cat\/iesmila\/wp-json\/wp\/v2\/posts\/8510\/revisions\/8513"}],"wp:featuredmedia":[{"embeddable":true,"href":"https:\/\/agora.xtec.cat\/iesmila\/wp-json\/wp\/v2\/media\/8512"}],"wp:attachment":[{"href":"https:\/\/agora.xtec.cat\/iesmila\/wp-json\/wp\/v2\/media?parent=8510"}],"wp:term":[{"taxonomy":"category","embeddable":true,"href":"https:\/\/agora.xtec.cat\/iesmila\/wp-json\/wp\/v2\/categories?post=8510"},{"taxonomy":"post_tag","embeddable":true,"href":"https:\/\/agora.xtec.cat\/iesmila\/wp-json\/wp\/v2\/tags?post=8510"}],"curies":[{"name":"wp","href":"https:\/\/api.w.org\/{rel}","templated":true}]}}