{"id":8057,"date":"2025-11-11T19:32:10","date_gmt":"2025-11-11T18:32:10","guid":{"rendered":"https:\/\/agora.xtec.cat\/iesmila\/?p=8057"},"modified":"2025-11-11T21:43:06","modified_gmt":"2025-11-11T20:43:06","slug":"acollida-de-professorat-del-lycee-rene-perrin-dugine-franca","status":"publish","type":"post","link":"https:\/\/agora.xtec.cat\/iesmila\/general\/acollida-de-professorat-del-lycee-rene-perrin-dugine-franca\/","title":{"rendered":"Acollida de professorat del Lyc\u00e9e Ren\u00e9 Perrin d&#8217;Ugine (Fran\u00e7a)"},"content":{"rendered":"<p><a href=\"https:\/\/agora.xtec.cat\/iesmila\/wp-content\/uploads\/usu844\/2025\/11\/IMG_3088.jpg\"><img loading=\"lazy\" decoding=\"async\" class=\"alignnone size-full wp-image-8065\" src=\"https:\/\/agora.xtec.cat\/iesmila\/wp-content\/uploads\/usu844\/2025\/11\/IMG_3088.jpg\" alt=\"\" width=\"640\" height=\"480\" srcset=\"https:\/\/agora.xtec.cat\/iesmila\/wp-content\/uploads\/usu844\/2025\/11\/IMG_3088.jpg 640w, https:\/\/agora.xtec.cat\/iesmila\/wp-content\/uploads\/usu844\/2025\/11\/IMG_3088-300x225.jpg 300w, https:\/\/agora.xtec.cat\/iesmila\/wp-content\/uploads\/usu844\/2025\/11\/IMG_3088-200x150.jpg 200w\" sizes=\"auto, (max-width: 640px) 100vw, 640px\" \/><\/a><\/p>\n<p>Els dies 3, 4 i 5 de novembre ens han visitat la Fatima, el Gilles i la Yael, tres docents del Lyc\u00e9e Ren\u00e9 Perrin de la ciutat d&#8217;Ugine, situada a la regi\u00f3 francesa de la Savoia. Aquest professorat ens ha visitat dins del programa Erasmus+ amb l&#8217;objectiu de con\u00e8ixer el nostre sistema educatiu a l&#8217;etapa de la Formaci\u00f3 Professional i de fer un intercanvi de bones pr\u00e0ctiques.<\/p>\n<p>Al llarg d&#8217;aquests dies, els hem ensenyat les instal\u00b7lacions del nostre centre, hem compartit experi\u00e8ncies pedag\u00f2giques i contrastat sistemes educatius i tamb\u00e9 hem visitat tres empreses del sector de l&#8217;automatitzaci\u00f3 i la rob\u00f2tica:<\/p>\n<p>Aquesta ha estat la primera trobada amb els representants del <em>Lyc\u00e9e Ren\u00e9 Perrin<\/em>, l&#8217;inici d&#8217;una etapa de col\u00b7laboraci\u00f3 futura en la que els alumnes del Cicle Formatiu de Grau Superior d&#8217;Automatitzaci\u00f3 i Rob\u00f2tica Industrial tindran l&#8217;oportunitat de fer estades de pr\u00e0ctiques a la seva ciutat.<\/p>\n<p>Des d&#8217;aqu\u00ed agra\u00efm la bona predisposici\u00f3 de les empreses del nostre entorn a rebre&#8217;ns i dedicar-nos el seu temps: <em>Ribamatic<\/em>, <em>Grupo OSG<\/em> i <em>OnControl<\/em>.<\/p>\n","protected":false},"excerpt":{"rendered":"<p><a href=\"https:\/\/agora.xtec.cat\/iesmila\/wp-content\/uploads\/usu844\/2025\/11\/IMG_3088.jpg\"><\/a><br \/>\nEls dies 3, 4 i 5 de novembre ens han visitat la Fatima, el Gilles i la Yael, tres docents del Lyc\u00e9e Ren\u00e9 Perrin de la ciutat d&#8217;Ugine, situada a la regi\u00f3 francesa de la Savoia. Aquest professorat ens ha visitat dins del programa&hellip;  <a href=\"https:\/\/agora.xtec.cat\/iesmila\/general\/acollida-de-professorat-del-lycee-rene-perrin-dugine-franca\/\" title=\"Read Acollida de professorat del Lyc\u00e9e Ren\u00e9 Perrin d&#8217;Ugine (Fran\u00e7a)\">Llegeix m\u00e9s\u00bb<\/a><\/p>\n","protected":false},"author":31,"featured_media":8065,"comment_status":"closed","ping_status":"open","sticky":false,"template":"","format":"standard","meta":{"_bbp_topic_count":0,"_bbp_reply_count":0,"_bbp_total_topic_count":0,"_bbp_total_reply_count":0,"_bbp_voice_count":0,"_bbp_anonymous_reply_count":0,"_bbp_topic_count_hidden":0,"_bbp_reply_count_hidden":0,"_bbp_forum_subforum_count":0,"footnotes":""},"categories":[108,102,1,29],"tags":[],"class_list":["post-8057","post","type-post","status-publish","format-standard","has-post-thumbnail","hentry","category-eeb0","category-erasmus","category-general","category-portada"],"post_mailing_queue_ids":[],"_links":{"self":[{"href":"https:\/\/agora.xtec.cat\/iesmila\/wp-json\/wp\/v2\/posts\/8057","targetHints":{"allow":["GET"]}}],"collection":[{"href":"https:\/\/agora.xtec.cat\/iesmila\/wp-json\/wp\/v2\/posts"}],"about":[{"href":"https:\/\/agora.xtec.cat\/iesmila\/wp-json\/wp\/v2\/types\/post"}],"author":[{"embeddable":true,"href":"https:\/\/agora.xtec.cat\/iesmila\/wp-json\/wp\/v2\/users\/31"}],"replies":[{"embeddable":true,"href":"https:\/\/agora.xtec.cat\/iesmila\/wp-json\/wp\/v2\/comments?post=8057"}],"version-history":[{"count":6,"href":"https:\/\/agora.xtec.cat\/iesmila\/wp-json\/wp\/v2\/posts\/8057\/revisions"}],"predecessor-version":[{"id":8062,"href":"https:\/\/agora.xtec.cat\/iesmila\/wp-json\/wp\/v2\/posts\/8057\/revisions\/8062"}],"wp:featuredmedia":[{"embeddable":true,"href":"https:\/\/agora.xtec.cat\/iesmila\/wp-json\/wp\/v2\/media\/8065"}],"wp:attachment":[{"href":"https:\/\/agora.xtec.cat\/iesmila\/wp-json\/wp\/v2\/media?parent=8057"}],"wp:term":[{"taxonomy":"category","embeddable":true,"href":"https:\/\/agora.xtec.cat\/iesmila\/wp-json\/wp\/v2\/categories?post=8057"},{"taxonomy":"post_tag","embeddable":true,"href":"https:\/\/agora.xtec.cat\/iesmila\/wp-json\/wp\/v2\/tags?post=8057"}],"curies":[{"name":"wp","href":"https:\/\/api.w.org\/{rel}","templated":true}]}}