{"id":7857,"date":"2025-05-26T14:21:48","date_gmt":"2025-05-26T12:21:48","guid":{"rendered":"https:\/\/agora.xtec.cat\/iesmila\/?p=7857"},"modified":"2025-05-26T14:21:48","modified_gmt":"2025-05-26T12:21:48","slug":"visitem-la-fabrica-de-la-coca-cola","status":"publish","type":"post","link":"https:\/\/agora.xtec.cat\/iesmila\/portada\/visitem-la-fabrica-de-la-coca-cola\/","title":{"rendered":"Visitem la f\u00e0brica de la Coca-Cola"},"content":{"rendered":"<div>Els alumnes de Segon d&#8217;Activitats Comercials vam visitar la f\u00e0brica de Coca-Cola a Martorelles el passat divendres 16 de maig.<\/div>\n<div>Vam con\u00e8ixer com Coca-Cola gestiona la seva cadena log\u00edstica des de la producci\u00f3, fins a la venda al consumidor final, amb un enfocament especial en les estrat\u00e8gies de m\u00e0rqueting per connectar amb els consumidors.<\/div>\n<div>Tot i que no vam poder descobrir la recepta secreta, vam poder observar els magatzems automatitzats, el proc\u00e9s d&#8217;etiquetatge i embalatge dels productes.<\/div>\n<div>La visita va ser una oportunitat \u00fanica per entendre de primera m\u00e0 la gesti\u00f3 empresarial i la innovaci\u00f3 tecnol\u00f2gica d\u2019una de les marques m\u00e9s importants del m\u00f3n que ens va proporcionar coneixements \u00fatils per al nostre futur professional.<\/div>\n<div><a href=\"https:\/\/agora.xtec.cat\/iesmila\/wp-content\/uploads\/usu844\/2025\/05\/20250516_094404.jpg\"><img loading=\"lazy\" decoding=\"async\" class=\"alignleft size-full wp-image-7858\" src=\"https:\/\/agora.xtec.cat\/iesmila\/wp-content\/uploads\/usu844\/2025\/05\/20250516_094404.jpg\" alt=\"\" width=\"1024\" height=\"576\" srcset=\"https:\/\/agora.xtec.cat\/iesmila\/wp-content\/uploads\/usu844\/2025\/05\/20250516_094404.jpg 1024w, https:\/\/agora.xtec.cat\/iesmila\/wp-content\/uploads\/usu844\/2025\/05\/20250516_094404-300x169.jpg 300w, https:\/\/agora.xtec.cat\/iesmila\/wp-content\/uploads\/usu844\/2025\/05\/20250516_094404-768x432.jpg 768w\" sizes=\"auto, (max-width: 1024px) 100vw, 1024px\" \/><\/a> <a href=\"https:\/\/agora.xtec.cat\/iesmila\/wp-content\/uploads\/usu844\/2025\/05\/20250516_103919.jpg\"><img loading=\"lazy\" decoding=\"async\" class=\"alignleft size-large wp-image-7859\" src=\"https:\/\/agora.xtec.cat\/iesmila\/wp-content\/uploads\/usu844\/2025\/05\/20250516_103919.jpg\" alt=\"\" width=\"1024\" height=\"576\" srcset=\"https:\/\/agora.xtec.cat\/iesmila\/wp-content\/uploads\/usu844\/2025\/05\/20250516_103919.jpg 1024w, https:\/\/agora.xtec.cat\/iesmila\/wp-content\/uploads\/usu844\/2025\/05\/20250516_103919-300x169.jpg 300w, https:\/\/agora.xtec.cat\/iesmila\/wp-content\/uploads\/usu844\/2025\/05\/20250516_103919-768x432.jpg 768w\" sizes=\"auto, (max-width: 1024px) 100vw, 1024px\" \/><\/a> <a href=\"https:\/\/agora.xtec.cat\/iesmila\/wp-content\/uploads\/usu844\/2025\/05\/20250516_104310.jpg\"><img loading=\"lazy\" decoding=\"async\" class=\"alignleft size-large wp-image-7860\" src=\"https:\/\/agora.xtec.cat\/iesmila\/wp-content\/uploads\/usu844\/2025\/05\/20250516_104310.jpg\" alt=\"\" width=\"1024\" height=\"576\" srcset=\"https:\/\/agora.xtec.cat\/iesmila\/wp-content\/uploads\/usu844\/2025\/05\/20250516_104310.jpg 1024w, https:\/\/agora.xtec.cat\/iesmila\/wp-content\/uploads\/usu844\/2025\/05\/20250516_104310-300x169.jpg 300w, https:\/\/agora.xtec.cat\/iesmila\/wp-content\/uploads\/usu844\/2025\/05\/20250516_104310-768x432.jpg 768w\" sizes=\"auto, (max-width: 1024px) 100vw, 1024px\" \/><\/a><\/div>\n","protected":false},"excerpt":{"rendered":"<p>Els alumnes de Segon d&#8217;Activitats Comercials vam visitar la f\u00e0brica de Coca-Cola a Martorelles el passat divendres 16 de maig.<br \/>\nVam con\u00e8ixer com Coca-Cola gestiona la seva cadena log\u00edstica des de la producci\u00f3, fins a la venda al consumidor final, amb un enfocament especial en les&hellip;  <a href=\"https:\/\/agora.xtec.cat\/iesmila\/portada\/visitem-la-fabrica-de-la-coca-cola\/\" title=\"Read Visitem la f\u00e0brica de la Coca-Cola\">Llegeix m\u00e9s\u00bb<\/a><\/p>\n","protected":false},"author":1,"featured_media":7860,"comment_status":"closed","ping_status":"closed","sticky":false,"template":"","format":"standard","meta":{"_bbp_topic_count":0,"_bbp_reply_count":0,"_bbp_total_topic_count":0,"_bbp_total_reply_count":0,"_bbp_voice_count":0,"_bbp_anonymous_reply_count":0,"_bbp_topic_count_hidden":0,"_bbp_reply_count_hidden":0,"_bbp_forum_subforum_count":0,"footnotes":""},"categories":[139,29],"tags":[],"class_list":["post-7857","post","type-post","status-publish","format-standard","has-post-thumbnail","hentry","category-cm10-2a","category-portada"],"post_mailing_queue_ids":[],"_links":{"self":[{"href":"https:\/\/agora.xtec.cat\/iesmila\/wp-json\/wp\/v2\/posts\/7857","targetHints":{"allow":["GET"]}}],"collection":[{"href":"https:\/\/agora.xtec.cat\/iesmila\/wp-json\/wp\/v2\/posts"}],"about":[{"href":"https:\/\/agora.xtec.cat\/iesmila\/wp-json\/wp\/v2\/types\/post"}],"author":[{"embeddable":true,"href":"https:\/\/agora.xtec.cat\/iesmila\/wp-json\/wp\/v2\/users\/1"}],"replies":[{"embeddable":true,"href":"https:\/\/agora.xtec.cat\/iesmila\/wp-json\/wp\/v2\/comments?post=7857"}],"version-history":[{"count":1,"href":"https:\/\/agora.xtec.cat\/iesmila\/wp-json\/wp\/v2\/posts\/7857\/revisions"}],"predecessor-version":[{"id":7861,"href":"https:\/\/agora.xtec.cat\/iesmila\/wp-json\/wp\/v2\/posts\/7857\/revisions\/7861"}],"wp:featuredmedia":[{"embeddable":true,"href":"https:\/\/agora.xtec.cat\/iesmila\/wp-json\/wp\/v2\/media\/7860"}],"wp:attachment":[{"href":"https:\/\/agora.xtec.cat\/iesmila\/wp-json\/wp\/v2\/media?parent=7857"}],"wp:term":[{"taxonomy":"category","embeddable":true,"href":"https:\/\/agora.xtec.cat\/iesmila\/wp-json\/wp\/v2\/categories?post=7857"},{"taxonomy":"post_tag","embeddable":true,"href":"https:\/\/agora.xtec.cat\/iesmila\/wp-json\/wp\/v2\/tags?post=7857"}],"curies":[{"name":"wp","href":"https:\/\/api.w.org\/{rel}","templated":true}]}}