{"id":7839,"date":"2025-05-16T14:27:41","date_gmt":"2025-05-16T12:27:41","guid":{"rendered":"https:\/\/agora.xtec.cat\/iesmila\/?p=7839"},"modified":"2025-05-16T14:27:41","modified_gmt":"2025-05-16T12:27:41","slug":"participem-en-lescape-room-financer","status":"publish","type":"post","link":"https:\/\/agora.xtec.cat\/iesmila\/portada\/participem-en-lescape-room-financer\/","title":{"rendered":"Participem en l&#8217;escape room financer"},"content":{"rendered":"<p class=\"Normal1\" style=\"text-align: justify; line-height: 150%;\"><span style=\"font-size: 12.0pt; line-height: 150%;\">Els passats dies 30 d\u2019abril i 12 de maig vam participar en l\u2019activitat FINEXIT, un escape room financer a c\u00e0rrec de la fundaci\u00f3 Mapfre i dinamitzat per Andrea Ruiz. <\/span><\/p>\n<p class=\"Normal1\" style=\"text-align: justify; line-height: 150%;\"><span style=\"font-size: 12.0pt; line-height: 150%;\">Els grups participants de primer van ser els seg\u00fcents: Gesti\u00f3 administrativa (\u00e0mbit sanitari), Instal\u00b7lacions de telecomunicacions i Integraci\u00f3 social. <\/span><\/p>\n<p class=\"Normal1\" style=\"text-align: justify; line-height: 150%;\"><span style=\"font-size: 12.0pt; line-height: 150%;\">Pel que fa als grups de segon van participar: Gesti\u00f3 administrativa, Integraci\u00f3 social, Ensenyament i animaci\u00f3 socioesportiva, Desenvolupament d&#8217;aplicacions multiplataforma i Desenvolupament d\u2019aplicacions web. <\/span><\/p>\n<p class=\"Normal1\" style=\"text-align: justify; line-height: 150%;\"><span style=\"font-size: 12.0pt; line-height: 150%;\">L\u2019objectiu d\u2019aquest taller \u00e9s que el nostre l&#8217;alumnat adquireixi compet\u00e8ncies sobre finan\u00e7ament b\u00e0sic mitjan\u00e7ant la gamificaci\u00f3. <\/span><\/p>\n<p class=\"Normal1\" style=\"text-align: justify; line-height: 150%;\"><span style=\"font-size: 12.0pt; line-height: 150%;\">Durant l\u2019escape room, l\u2019alumnat va treballar conceptes com: despesa formiga, contracte d\u2019assegurances, xec bancari, errors a l\u2019hora d\u2019estalviar, passaport, creaci\u00f3 de societats, entre d\u2019altres. <\/span><\/p>\n<p class=\"Normal1\" style=\"text-align: justify; line-height: 150%;\"><span style=\"font-size: 12.0pt; line-height: 150%;\">Aquest taller ha estat organitzat conjuntament pel Departament de FOL i Departament Administratiu. <\/span><\/p>\n<p class=\"Normal1\" style=\"text-align: justify; line-height: 150%;\"><span style=\"font-size: 12.0pt; line-height: 150%;\">Gr\u00e0cies, Andrea.<\/span><\/p>\n<p><a href=\"https:\/\/agora.xtec.cat\/iesmila\/wp-content\/uploads\/usu844\/2025\/05\/AEA0.jpg\"><img loading=\"lazy\" decoding=\"async\" class=\"alignleft size-full wp-image-7840\" src=\"https:\/\/agora.xtec.cat\/iesmila\/wp-content\/uploads\/usu844\/2025\/05\/AEA0.jpg\" alt=\"\" width=\"1024\" height=\"768\" srcset=\"https:\/\/agora.xtec.cat\/iesmila\/wp-content\/uploads\/usu844\/2025\/05\/AEA0.jpg 1024w, https:\/\/agora.xtec.cat\/iesmila\/wp-content\/uploads\/usu844\/2025\/05\/AEA0-300x225.jpg 300w, https:\/\/agora.xtec.cat\/iesmila\/wp-content\/uploads\/usu844\/2025\/05\/AEA0-768x576.jpg 768w, https:\/\/agora.xtec.cat\/iesmila\/wp-content\/uploads\/usu844\/2025\/05\/AEA0-200x150.jpg 200w\" sizes=\"auto, (max-width: 1024px) 100vw, 1024px\" \/><\/a> <a href=\"https:\/\/agora.xtec.cat\/iesmila\/wp-content\/uploads\/usu844\/2025\/05\/ISO.jpg\"><img loading=\"lazy\" decoding=\"async\" class=\"alignleft size-large wp-image-7841\" src=\"https:\/\/agora.xtec.cat\/iesmila\/wp-content\/uploads\/usu844\/2025\/05\/ISO.jpg\" alt=\"\" width=\"1024\" height=\"768\" srcset=\"https:\/\/agora.xtec.cat\/iesmila\/wp-content\/uploads\/usu844\/2025\/05\/ISO.jpg 1024w, https:\/\/agora.xtec.cat\/iesmila\/wp-content\/uploads\/usu844\/2025\/05\/ISO-300x225.jpg 300w, https:\/\/agora.xtec.cat\/iesmila\/wp-content\/uploads\/usu844\/2025\/05\/ISO-768x576.jpg 768w, https:\/\/agora.xtec.cat\/iesmila\/wp-content\/uploads\/usu844\/2025\/05\/ISO-200x150.jpg 200w\" sizes=\"auto, (max-width: 1024px) 100vw, 1024px\" \/><\/a> <a href=\"https:\/\/agora.xtec.cat\/iesmila\/wp-content\/uploads\/usu844\/2025\/05\/DAM_DAW.jpg\"><img loading=\"lazy\" decoding=\"async\" class=\"alignleft size-large wp-image-7842\" src=\"https:\/\/agora.xtec.cat\/iesmila\/wp-content\/uploads\/usu844\/2025\/05\/DAM_DAW.jpg\" alt=\"\" width=\"1024\" height=\"578\" srcset=\"https:\/\/agora.xtec.cat\/iesmila\/wp-content\/uploads\/usu844\/2025\/05\/DAM_DAW.jpg 1024w, https:\/\/agora.xtec.cat\/iesmila\/wp-content\/uploads\/usu844\/2025\/05\/DAM_DAW-300x169.jpg 300w, https:\/\/agora.xtec.cat\/iesmila\/wp-content\/uploads\/usu844\/2025\/05\/DAM_DAW-768x434.jpg 768w\" sizes=\"auto, (max-width: 1024px) 100vw, 1024px\" \/><\/a><\/p>\n","protected":false},"excerpt":{"rendered":"<p>Els passats dies 30 d\u2019abril i 12 de maig vam participar en l\u2019activitat FINEXIT, un escape room financer a c\u00e0rrec de la fundaci\u00f3 Mapfre i dinamitzat per Andrea Ruiz.<br \/>\nEls grups participants de primer van ser els seg\u00fcents: Gesti\u00f3 administrativa (\u00e0mbit sanitari), Instal\u00b7lacions de telecomunicacions&hellip;  <a href=\"https:\/\/agora.xtec.cat\/iesmila\/portada\/participem-en-lescape-room-financer\/\" title=\"Read Participem en l&#8217;escape room financer\">Llegeix m\u00e9s\u00bb<\/a><\/p>\n","protected":false},"author":1,"featured_media":7841,"comment_status":"closed","ping_status":"closed","sticky":false,"template":"","format":"standard","meta":{"_bbp_topic_count":0,"_bbp_reply_count":0,"_bbp_total_topic_count":0,"_bbp_total_reply_count":0,"_bbp_voice_count":0,"_bbp_anonymous_reply_count":0,"_bbp_topic_count_hidden":0,"_bbp_reply_count_hidden":0,"_bbp_forum_subforum_count":0,"footnotes":""},"categories":[109,110,103,114,29],"tags":[],"class_list":["post-7839","post","type-post","status-publish","format-standard","has-post-thumbnail","hentry","category-icb0","category-icc0","category-aea0","category-scc0","category-portada"],"post_mailing_queue_ids":[],"_links":{"self":[{"href":"https:\/\/agora.xtec.cat\/iesmila\/wp-json\/wp\/v2\/posts\/7839","targetHints":{"allow":["GET"]}}],"collection":[{"href":"https:\/\/agora.xtec.cat\/iesmila\/wp-json\/wp\/v2\/posts"}],"about":[{"href":"https:\/\/agora.xtec.cat\/iesmila\/wp-json\/wp\/v2\/types\/post"}],"author":[{"embeddable":true,"href":"https:\/\/agora.xtec.cat\/iesmila\/wp-json\/wp\/v2\/users\/1"}],"replies":[{"embeddable":true,"href":"https:\/\/agora.xtec.cat\/iesmila\/wp-json\/wp\/v2\/comments?post=7839"}],"version-history":[{"count":1,"href":"https:\/\/agora.xtec.cat\/iesmila\/wp-json\/wp\/v2\/posts\/7839\/revisions"}],"predecessor-version":[{"id":7843,"href":"https:\/\/agora.xtec.cat\/iesmila\/wp-json\/wp\/v2\/posts\/7839\/revisions\/7843"}],"wp:featuredmedia":[{"embeddable":true,"href":"https:\/\/agora.xtec.cat\/iesmila\/wp-json\/wp\/v2\/media\/7841"}],"wp:attachment":[{"href":"https:\/\/agora.xtec.cat\/iesmila\/wp-json\/wp\/v2\/media?parent=7839"}],"wp:term":[{"taxonomy":"category","embeddable":true,"href":"https:\/\/agora.xtec.cat\/iesmila\/wp-json\/wp\/v2\/categories?post=7839"},{"taxonomy":"post_tag","embeddable":true,"href":"https:\/\/agora.xtec.cat\/iesmila\/wp-json\/wp\/v2\/tags?post=7839"}],"curies":[{"name":"wp","href":"https:\/\/api.w.org\/{rel}","templated":true}]}}