{"id":7641,"date":"2025-04-02T14:25:14","date_gmt":"2025-04-02T12:25:14","guid":{"rendered":"https:\/\/agora.xtec.cat\/iesmila\/?p=7641"},"modified":"2025-04-02T14:25:14","modified_gmt":"2025-04-02T12:25:14","slug":"15a-fira-internacional-dempreses-simulades","status":"publish","type":"post","link":"https:\/\/agora.xtec.cat\/iesmila\/portada\/15a-fira-internacional-dempreses-simulades\/","title":{"rendered":"15\u00aa Fira Internacional d\u2019Empreses Simulades"},"content":{"rendered":"<p>El passat dimecres 26 de mar\u00e7 vam assistir a la fira Sefed (Simulaci\u00f3 d\u2019Empreses amb Finalitat Educativa) a Barcelona amb l\u2019alumnat de 2n d\u2019Administraci\u00f3 i Gesti\u00f3.<\/p>\n<p>\u00c9s la 15\u00aa Fira Internacional d\u2019Empreses Simulades organitzada per la Fundaci\u00f3 Inform per tota la xarxa nacional d\u2019empreses simulades i estrangeres de la xarxa internacional Pen Worldwide.<\/p>\n<p>En aquesta fira l\u2019alumnat s\u2019endinsa en un m\u00f3n empresarial d\u2019\u00e0mbit nacional i internacional amb un total de 37 estands. Se\u2019ls fa proposta d\u2019activitat per treballar durant la fira, on podran posar en pr\u00e0ctica transaccions comercials simulades amb empreses expositores, visualitzar estrat\u00e8gies de m\u00e0rqueting i desenvolupar compet\u00e8ncies professionals clau.<\/p>\n<p>Una jornada diferent i profitosa!<\/p>\n<p><a href=\"https:\/\/agora.xtec.cat\/iesmila\/wp-content\/uploads\/usu844\/2025\/04\/Im1.jpg\"><img loading=\"lazy\" decoding=\"async\" class=\"alignleft size-large wp-image-7642\" src=\"https:\/\/agora.xtec.cat\/iesmila\/wp-content\/uploads\/usu844\/2025\/04\/Im1-1024x772.jpg\" alt=\"\" width=\"1024\" height=\"772\" srcset=\"https:\/\/agora.xtec.cat\/iesmila\/wp-content\/uploads\/usu844\/2025\/04\/Im1-1024x772.jpg 1024w, https:\/\/agora.xtec.cat\/iesmila\/wp-content\/uploads\/usu844\/2025\/04\/Im1-300x226.jpg 300w, https:\/\/agora.xtec.cat\/iesmila\/wp-content\/uploads\/usu844\/2025\/04\/Im1-768x579.jpg 768w, https:\/\/agora.xtec.cat\/iesmila\/wp-content\/uploads\/usu844\/2025\/04\/Im1-200x150.jpg 200w, https:\/\/agora.xtec.cat\/iesmila\/wp-content\/uploads\/usu844\/2025\/04\/Im1.jpg 1304w\" sizes=\"auto, (max-width: 1024px) 100vw, 1024px\" \/><\/a><\/p>\n","protected":false},"excerpt":{"rendered":"<p>El passat dimecres 26 de mar\u00e7 vam assistir a la fira Sefed (Simulaci\u00f3 d\u2019Empreses amb Finalitat Educativa) a Barcelona amb l\u2019alumnat de 2n d\u2019Administraci\u00f3 i Gesti\u00f3.<br \/>\n\u00c9s la 15\u00aa Fira Internacional d\u2019Empreses Simulades organitzada per la Fundaci\u00f3 Inform per tota la xarxa nacional d\u2019empreses simulades i&hellip;  <a href=\"https:\/\/agora.xtec.cat\/iesmila\/portada\/15a-fira-internacional-dempreses-simulades\/\" title=\"Read 15\u00aa Fira Internacional d\u2019Empreses Simulades\">Llegeix m\u00e9s\u00bb<\/a><\/p>\n","protected":false},"author":1,"featured_media":7642,"comment_status":"closed","ping_status":"closed","sticky":false,"template":"","format":"standard","meta":{"_bbp_topic_count":0,"_bbp_reply_count":0,"_bbp_total_topic_count":0,"_bbp_total_reply_count":0,"_bbp_voice_count":0,"_bbp_anonymous_reply_count":0,"_bbp_topic_count_hidden":0,"_bbp_reply_count_hidden":0,"_bbp_forum_subforum_count":0,"footnotes":""},"categories":[106,29],"tags":[],"class_list":["post-7641","post","type-post","status-publish","format-standard","has-post-thumbnail","hentry","category-agb0","category-portada"],"post_mailing_queue_ids":[],"_links":{"self":[{"href":"https:\/\/agora.xtec.cat\/iesmila\/wp-json\/wp\/v2\/posts\/7641","targetHints":{"allow":["GET"]}}],"collection":[{"href":"https:\/\/agora.xtec.cat\/iesmila\/wp-json\/wp\/v2\/posts"}],"about":[{"href":"https:\/\/agora.xtec.cat\/iesmila\/wp-json\/wp\/v2\/types\/post"}],"author":[{"embeddable":true,"href":"https:\/\/agora.xtec.cat\/iesmila\/wp-json\/wp\/v2\/users\/1"}],"replies":[{"embeddable":true,"href":"https:\/\/agora.xtec.cat\/iesmila\/wp-json\/wp\/v2\/comments?post=7641"}],"version-history":[{"count":1,"href":"https:\/\/agora.xtec.cat\/iesmila\/wp-json\/wp\/v2\/posts\/7641\/revisions"}],"predecessor-version":[{"id":7643,"href":"https:\/\/agora.xtec.cat\/iesmila\/wp-json\/wp\/v2\/posts\/7641\/revisions\/7643"}],"wp:featuredmedia":[{"embeddable":true,"href":"https:\/\/agora.xtec.cat\/iesmila\/wp-json\/wp\/v2\/media\/7642"}],"wp:attachment":[{"href":"https:\/\/agora.xtec.cat\/iesmila\/wp-json\/wp\/v2\/media?parent=7641"}],"wp:term":[{"taxonomy":"category","embeddable":true,"href":"https:\/\/agora.xtec.cat\/iesmila\/wp-json\/wp\/v2\/categories?post=7641"},{"taxonomy":"post_tag","embeddable":true,"href":"https:\/\/agora.xtec.cat\/iesmila\/wp-json\/wp\/v2\/tags?post=7641"}],"curies":[{"name":"wp","href":"https:\/\/api.w.org\/{rel}","templated":true}]}}