{"id":7502,"date":"2025-02-11T17:56:59","date_gmt":"2025-02-11T16:56:59","guid":{"rendered":"https:\/\/agora.xtec.cat\/iesmila\/?p=7502"},"modified":"2025-02-11T17:56:59","modified_gmt":"2025-02-11T16:56:59","slug":"visita-banc-despanya-barcelona","status":"publish","type":"post","link":"https:\/\/agora.xtec.cat\/iesmila\/portada\/visita-banc-despanya-barcelona\/","title":{"rendered":"VISITA BANC D&#8217;ESPANYA (BARCELONA)"},"content":{"rendered":"<p>El passat dijous 30 de gener vam visitar la seu del Banc d\u2019Espanya amb l\u2019alumnat de 2n del cicle mitj\u00e0 d&#8217;Administraci\u00f3 i Gesti\u00f3.<\/p>\n<p>L\u2019actual director, Luis Exp\u00f3sito, ens va explicar les principals funcions i objectius de l\u2019entitat.<\/p>\n<p>D\u2019acord el programa <em>\u201cFinances per a tots\u201d <\/em>vam realitzar el taller <strong><em>hazQTRente <\/em><\/strong>aprofundint amb les finances personals, com protegir-se contra el frau i prendre decisions encertades dels estalvis. Aquest programa t\u00e9 com a objectiu millorar la cultura financera de la poblaci\u00f3.<\/p>\n<p>Una jornada intensa i ben profitosa!<\/p>\n<p><a href=\"https:\/\/agora.xtec.cat\/iesmila\/wp-content\/uploads\/usu844\/2025\/02\/foto1.jpg\"><img loading=\"lazy\" decoding=\"async\" class=\"alignleft size-large wp-image-7504\" src=\"https:\/\/agora.xtec.cat\/iesmila\/wp-content\/uploads\/usu844\/2025\/02\/foto1-1024x755.jpg\" alt=\"\" width=\"1024\" height=\"755\" srcset=\"https:\/\/agora.xtec.cat\/iesmila\/wp-content\/uploads\/usu844\/2025\/02\/foto1-1024x755.jpg 1024w, https:\/\/agora.xtec.cat\/iesmila\/wp-content\/uploads\/usu844\/2025\/02\/foto1-300x221.jpg 300w, https:\/\/agora.xtec.cat\/iesmila\/wp-content\/uploads\/usu844\/2025\/02\/foto1-768x567.jpg 768w, https:\/\/agora.xtec.cat\/iesmila\/wp-content\/uploads\/usu844\/2025\/02\/foto1.jpg 1304w\" sizes=\"auto, (max-width: 1024px) 100vw, 1024px\" \/><\/a><\/p>\n<p><a href=\"https:\/\/agora.xtec.cat\/iesmila\/wp-content\/uploads\/usu844\/2025\/02\/Foto2.png\"><img loading=\"lazy\" decoding=\"async\" class=\"alignleft size-full wp-image-7503\" src=\"https:\/\/agora.xtec.cat\/iesmila\/wp-content\/uploads\/usu844\/2025\/02\/Foto2.png\" alt=\"\" width=\"889\" height=\"502\" srcset=\"https:\/\/agora.xtec.cat\/iesmila\/wp-content\/uploads\/usu844\/2025\/02\/Foto2.png 889w, https:\/\/agora.xtec.cat\/iesmila\/wp-content\/uploads\/usu844\/2025\/02\/Foto2-300x169.png 300w, https:\/\/agora.xtec.cat\/iesmila\/wp-content\/uploads\/usu844\/2025\/02\/Foto2-768x434.png 768w\" sizes=\"auto, (max-width: 889px) 100vw, 889px\" \/><\/a><\/p>\n","protected":false},"excerpt":{"rendered":"<p>El passat dijous 30 de gener vam visitar la seu del Banc d\u2019Espanya amb l\u2019alumnat de 2n del cicle mitj\u00e0 d&#8217;Administraci\u00f3 i Gesti\u00f3.<br \/>\nL\u2019actual director, Luis Exp\u00f3sito, ens va explicar les principals funcions i objectius de l\u2019entitat.<br \/>\nD\u2019acord el programa \u201cFinances per a tots\u201d vam realitzar el&hellip;  <a href=\"https:\/\/agora.xtec.cat\/iesmila\/portada\/visita-banc-despanya-barcelona\/\" title=\"Read VISITA BANC D&#8217;ESPANYA (BARCELONA)\">Llegeix m\u00e9s\u00bb<\/a><\/p>\n","protected":false},"author":1,"featured_media":7504,"comment_status":"closed","ping_status":"closed","sticky":false,"template":"","format":"standard","meta":{"_bbp_topic_count":0,"_bbp_reply_count":0,"_bbp_total_topic_count":0,"_bbp_total_reply_count":0,"_bbp_voice_count":0,"_bbp_anonymous_reply_count":0,"_bbp_topic_count_hidden":0,"_bbp_reply_count_hidden":0,"_bbp_forum_subforum_count":0,"footnotes":""},"categories":[77,78,29],"tags":[],"class_list":["post-7502","post","type-post","status-publish","format-standard","has-post-thumbnail","hentry","category-ag10-2a","category-ag10-2b","category-portada"],"post_mailing_queue_ids":[],"_links":{"self":[{"href":"https:\/\/agora.xtec.cat\/iesmila\/wp-json\/wp\/v2\/posts\/7502","targetHints":{"allow":["GET"]}}],"collection":[{"href":"https:\/\/agora.xtec.cat\/iesmila\/wp-json\/wp\/v2\/posts"}],"about":[{"href":"https:\/\/agora.xtec.cat\/iesmila\/wp-json\/wp\/v2\/types\/post"}],"author":[{"embeddable":true,"href":"https:\/\/agora.xtec.cat\/iesmila\/wp-json\/wp\/v2\/users\/1"}],"replies":[{"embeddable":true,"href":"https:\/\/agora.xtec.cat\/iesmila\/wp-json\/wp\/v2\/comments?post=7502"}],"version-history":[{"count":1,"href":"https:\/\/agora.xtec.cat\/iesmila\/wp-json\/wp\/v2\/posts\/7502\/revisions"}],"predecessor-version":[{"id":7505,"href":"https:\/\/agora.xtec.cat\/iesmila\/wp-json\/wp\/v2\/posts\/7502\/revisions\/7505"}],"wp:featuredmedia":[{"embeddable":true,"href":"https:\/\/agora.xtec.cat\/iesmila\/wp-json\/wp\/v2\/media\/7504"}],"wp:attachment":[{"href":"https:\/\/agora.xtec.cat\/iesmila\/wp-json\/wp\/v2\/media?parent=7502"}],"wp:term":[{"taxonomy":"category","embeddable":true,"href":"https:\/\/agora.xtec.cat\/iesmila\/wp-json\/wp\/v2\/categories?post=7502"},{"taxonomy":"post_tag","embeddable":true,"href":"https:\/\/agora.xtec.cat\/iesmila\/wp-json\/wp\/v2\/tags?post=7502"}],"curies":[{"name":"wp","href":"https:\/\/api.w.org\/{rel}","templated":true}]}}