{"id":7068,"date":"2024-04-24T12:34:57","date_gmt":"2024-04-24T10:34:57","guid":{"rendered":"https:\/\/agora.xtec.cat\/iesmila\/?p=7068"},"modified":"2024-04-24T15:26:18","modified_gmt":"2024-04-24T13:26:18","slug":"sant-jordi-2024-amb-paradetes","status":"publish","type":"post","link":"https:\/\/agora.xtec.cat\/iesmila\/portada\/sant-jordi-2024-amb-paradetes\/","title":{"rendered":"Sant Jordi 2024, amb paradetes"},"content":{"rendered":"<p>Ahir v\u00e0rem celebrar el Sant Jordi amb dues paradetes:<\/p>\n<p>Alumnat de l&#8217;Itinerari Formatiu Espec\u00edfic IFE: a l&#8217;entrada del centre per a comercialitzar diferents productes d&#8217;elaboraci\u00f3 pr\u00f2pia per part de l&#8217;alumnat.<\/p>\n<p><a href=\"https:\/\/agora.xtec.cat\/iesmila\/wp-content\/uploads\/usu844\/2024\/04\/IFEc.jpg\"><img loading=\"lazy\" decoding=\"async\" class=\"alignleft size-full wp-image-7069\" src=\"https:\/\/agora.xtec.cat\/iesmila\/wp-content\/uploads\/usu844\/2024\/04\/IFEc.jpg\" alt=\"\" width=\"1024\" height=\"768\" srcset=\"https:\/\/agora.xtec.cat\/iesmila\/wp-content\/uploads\/usu844\/2024\/04\/IFEc.jpg 1024w, https:\/\/agora.xtec.cat\/iesmila\/wp-content\/uploads\/usu844\/2024\/04\/IFEc-300x225.jpg 300w, https:\/\/agora.xtec.cat\/iesmila\/wp-content\/uploads\/usu844\/2024\/04\/IFEc-768x576.jpg 768w, https:\/\/agora.xtec.cat\/iesmila\/wp-content\/uploads\/usu844\/2024\/04\/IFEc-200x150.jpg 200w\" sizes=\"auto, (max-width: 1024px) 100vw, 1024px\" \/><\/a><\/p>\n<p>&nbsp;<\/p>\n<p>&nbsp;<\/p>\n<p>&nbsp;<\/p>\n<p>&nbsp;<\/p>\n<p>&nbsp;<\/p>\n<p>&nbsp;<\/p>\n<p>&nbsp;<\/p>\n<p><a href=\"https:\/\/agora.xtec.cat\/iesmila\/wp-content\/uploads\/usu844\/2024\/04\/IFEa-rotated.jpg\"><img loading=\"lazy\" decoding=\"async\" class=\"alignleft size-full wp-image-7071\" src=\"https:\/\/agora.xtec.cat\/iesmila\/wp-content\/uploads\/usu844\/2024\/04\/IFEa-rotated.jpg\" alt=\"\" width=\"768\" height=\"1024\" srcset=\"https:\/\/agora.xtec.cat\/iesmila\/wp-content\/uploads\/usu844\/2024\/04\/IFEa-rotated.jpg 768w, https:\/\/agora.xtec.cat\/iesmila\/wp-content\/uploads\/usu844\/2024\/04\/IFEa-225x300.jpg 225w\" sizes=\"auto, (max-width: 768px) 100vw, 768px\" \/><\/a>Alumnat de 2n d&#8217;Integraci\u00f3 Social: a l&#8217;aula, compartint amb els alumnes llibres que obren finestres, entretenen i, qui sap, potser generen inter\u00e8s, tamb\u00e9 \u00e9s aprenentatge.<\/p>\n<p><a href=\"https:\/\/agora.xtec.cat\/iesmila\/wp-content\/uploads\/usu844\/2024\/04\/IMG-20240423-WA0002.jpg\"><img loading=\"lazy\" decoding=\"async\" class=\"alignleft size-full wp-image-7072\" src=\"https:\/\/agora.xtec.cat\/iesmila\/wp-content\/uploads\/usu844\/2024\/04\/IMG-20240423-WA0002.jpg\" alt=\"\" width=\"1024\" height=\"692\" srcset=\"https:\/\/agora.xtec.cat\/iesmila\/wp-content\/uploads\/usu844\/2024\/04\/IMG-20240423-WA0002.jpg 1024w, https:\/\/agora.xtec.cat\/iesmila\/wp-content\/uploads\/usu844\/2024\/04\/IMG-20240423-WA0002-300x203.jpg 300w, https:\/\/agora.xtec.cat\/iesmila\/wp-content\/uploads\/usu844\/2024\/04\/IMG-20240423-WA0002-768x519.jpg 768w\" sizes=\"auto, (max-width: 1024px) 100vw, 1024px\" \/><\/a> <a href=\"https:\/\/agora.xtec.cat\/iesmila\/wp-content\/uploads\/usu844\/2024\/04\/20240423_160850.jpg\"><img loading=\"lazy\" decoding=\"async\" class=\"alignleft size-large wp-image-7073\" src=\"https:\/\/agora.xtec.cat\/iesmila\/wp-content\/uploads\/usu844\/2024\/04\/20240423_160850.jpg\" alt=\"\" width=\"1024\" height=\"461\" srcset=\"https:\/\/agora.xtec.cat\/iesmila\/wp-content\/uploads\/usu844\/2024\/04\/20240423_160850.jpg 1024w, https:\/\/agora.xtec.cat\/iesmila\/wp-content\/uploads\/usu844\/2024\/04\/20240423_160850-300x135.jpg 300w, https:\/\/agora.xtec.cat\/iesmila\/wp-content\/uploads\/usu844\/2024\/04\/20240423_160850-768x346.jpg 768w\" sizes=\"auto, (max-width: 1024px) 100vw, 1024px\" \/><\/a><\/p>\n","protected":false},"excerpt":{"rendered":"<p>Ahir v\u00e0rem celebrar el Sant Jordi amb dues paradetes:<br \/>\nAlumnat de l&#8217;Itinerari Formatiu Espec\u00edfic IFE: a l&#8217;entrada del centre per a comercialitzar diferents productes d&#8217;elaboraci\u00f3 pr\u00f2pia per part de l&#8217;alumnat.<br \/>\n<a href=\"https:\/\/agora.xtec.cat\/iesmila\/wp-content\/uploads\/usu844\/2024\/04\/IFEc.jpg\"><\/a><br \/>\n&nbsp;<br \/>\n&nbsp;<br \/>\n&nbsp;<br \/>\n&nbsp;<br \/>\n&nbsp;<br \/>\n&nbsp;<br \/>\n&nbsp;<br \/>\n<a href=\"https:\/\/agora.xtec.cat\/iesmila\/wp-content\/uploads\/usu844\/2024\/04\/IFEa-rotated.jpg\"><\/a>Alumnat de 2n d&#8217;Integraci\u00f3 Social: a l&#8217;aula, compartint amb els alumnes llibres que obren finestres,&hellip;  <a href=\"https:\/\/agora.xtec.cat\/iesmila\/portada\/sant-jordi-2024-amb-paradetes\/\" title=\"Read Sant Jordi 2024, amb paradetes\">Llegeix m\u00e9s\u00bb<\/a><\/p>\n","protected":false},"author":1,"featured_media":7069,"comment_status":"closed","ping_status":"closed","sticky":false,"template":"","format":"standard","meta":{"_bbp_topic_count":0,"_bbp_reply_count":0,"_bbp_total_topic_count":0,"_bbp_total_reply_count":0,"_bbp_voice_count":0,"_bbp_anonymous_reply_count":0,"_bbp_topic_count_hidden":0,"_bbp_reply_count_hidden":0,"_bbp_forum_subforum_count":0,"footnotes":""},"categories":[114,149,29],"tags":[],"class_list":["post-7068","post","type-post","status-publish","format-standard","has-post-thumbnail","hentry","category-scc0","category-ife","category-portada"],"post_mailing_queue_ids":[],"_links":{"self":[{"href":"https:\/\/agora.xtec.cat\/iesmila\/wp-json\/wp\/v2\/posts\/7068","targetHints":{"allow":["GET"]}}],"collection":[{"href":"https:\/\/agora.xtec.cat\/iesmila\/wp-json\/wp\/v2\/posts"}],"about":[{"href":"https:\/\/agora.xtec.cat\/iesmila\/wp-json\/wp\/v2\/types\/post"}],"author":[{"embeddable":true,"href":"https:\/\/agora.xtec.cat\/iesmila\/wp-json\/wp\/v2\/users\/1"}],"replies":[{"embeddable":true,"href":"https:\/\/agora.xtec.cat\/iesmila\/wp-json\/wp\/v2\/comments?post=7068"}],"version-history":[{"count":2,"href":"https:\/\/agora.xtec.cat\/iesmila\/wp-json\/wp\/v2\/posts\/7068\/revisions"}],"predecessor-version":[{"id":7075,"href":"https:\/\/agora.xtec.cat\/iesmila\/wp-json\/wp\/v2\/posts\/7068\/revisions\/7075"}],"wp:featuredmedia":[{"embeddable":true,"href":"https:\/\/agora.xtec.cat\/iesmila\/wp-json\/wp\/v2\/media\/7069"}],"wp:attachment":[{"href":"https:\/\/agora.xtec.cat\/iesmila\/wp-json\/wp\/v2\/media?parent=7068"}],"wp:term":[{"taxonomy":"category","embeddable":true,"href":"https:\/\/agora.xtec.cat\/iesmila\/wp-json\/wp\/v2\/categories?post=7068"},{"taxonomy":"post_tag","embeddable":true,"href":"https:\/\/agora.xtec.cat\/iesmila\/wp-json\/wp\/v2\/tags?post=7068"}],"curies":[{"name":"wp","href":"https:\/\/api.w.org\/{rel}","templated":true}]}}