{"id":6930,"date":"2024-03-15T19:04:03","date_gmt":"2024-03-15T18:04:03","guid":{"rendered":"https:\/\/agora.xtec.cat\/iesmila\/?p=6930"},"modified":"2024-04-05T19:05:12","modified_gmt":"2024-04-05T17:05:12","slug":"taula-rodona-dorientacio-academica-laboral","status":"publish","type":"post","link":"https:\/\/agora.xtec.cat\/iesmila\/portada\/taula-rodona-dorientacio-academica-laboral\/","title":{"rendered":"Taula rodona d\u2019orientaci\u00f3 acad\u00e8mica laboral"},"content":{"rendered":"<p>El passat 15 de mar\u00e7, els alumnes de 2n d\u2019Administraci\u00f3 i Finances van assistir a una taula rodona d\u2019orientaci\u00f3 acad\u00e8mica laboral a c\u00e0rrec de dos exalumnes del cicle: l&#8217;Antonio Rodr\u00edguez, que actualment treballa en una empresa d\u2019auditoria i en Gerard Cuadras, pilot d\u2019avi\u00f3 comercial.<\/p>\n<p>Tots dos ens van explicar les seves experi\u00e8ncies acad\u00e8miques i laborals despr\u00e9s de finalitzar els estudis d\u2019Administraci\u00f3 i finances al Mil\u00e0. Va ser una sessi\u00f3 molt enriquidora.<\/p>\n<p><a href=\"https:\/\/agora.xtec.cat\/iesmila\/wp-content\/uploads\/usu844\/2024\/04\/aaaaa.jpg\"><img loading=\"lazy\" decoding=\"async\" class=\"aligncenter size-full wp-image-6931\" src=\"https:\/\/agora.xtec.cat\/iesmila\/wp-content\/uploads\/usu844\/2024\/04\/aaaaa.jpg\" alt=\"\" width=\"658\" height=\"568\" srcset=\"https:\/\/agora.xtec.cat\/iesmila\/wp-content\/uploads\/usu844\/2024\/04\/aaaaa.jpg 658w, https:\/\/agora.xtec.cat\/iesmila\/wp-content\/uploads\/usu844\/2024\/04\/aaaaa-300x259.jpg 300w\" sizes=\"auto, (max-width: 658px) 100vw, 658px\" \/><\/a><\/p>\n<p><a href=\"https:\/\/agora.xtec.cat\/iesmila\/wp-content\/uploads\/usu844\/2024\/04\/bbbb.jpg\"><img loading=\"lazy\" decoding=\"async\" class=\"aligncenter size-full wp-image-6932\" src=\"https:\/\/agora.xtec.cat\/iesmila\/wp-content\/uploads\/usu844\/2024\/04\/bbbb.jpg\" alt=\"\" width=\"712\" height=\"358\" srcset=\"https:\/\/agora.xtec.cat\/iesmila\/wp-content\/uploads\/usu844\/2024\/04\/bbbb.jpg 712w, https:\/\/agora.xtec.cat\/iesmila\/wp-content\/uploads\/usu844\/2024\/04\/bbbb-300x151.jpg 300w\" sizes=\"auto, (max-width: 712px) 100vw, 712px\" \/><\/a><\/p>\n","protected":false},"excerpt":{"rendered":"<p>El passat 15 de mar\u00e7, els alumnes de 2n d\u2019Administraci\u00f3 i Finances van assistir a una taula rodona d\u2019orientaci\u00f3 acad\u00e8mica laboral a c\u00e0rrec de dos exalumnes del cicle: l&#8217;Antonio Rodr\u00edguez, que actualment treballa en una empresa d\u2019auditoria i en Gerard Cuadras, pilot d\u2019avi\u00f3 comercial.<br \/>\nTots dos&hellip;  <a href=\"https:\/\/agora.xtec.cat\/iesmila\/portada\/taula-rodona-dorientacio-academica-laboral\/\" title=\"Read Taula rodona d\u2019orientaci\u00f3 acad\u00e8mica laboral\">Llegeix m\u00e9s\u00bb<\/a><\/p>\n","protected":false},"author":1,"featured_media":6932,"comment_status":"closed","ping_status":"closed","sticky":false,"template":"","format":"standard","meta":{"_bbp_topic_count":0,"_bbp_reply_count":0,"_bbp_total_topic_count":0,"_bbp_total_reply_count":0,"_bbp_voice_count":0,"_bbp_anonymous_reply_count":0,"_bbp_topic_count_hidden":0,"_bbp_reply_count_hidden":0,"_bbp_forum_subforum_count":0,"footnotes":""},"categories":[106,29],"tags":[],"class_list":["post-6930","post","type-post","status-publish","format-standard","has-post-thumbnail","hentry","category-agb0","category-portada"],"post_mailing_queue_ids":[],"_links":{"self":[{"href":"https:\/\/agora.xtec.cat\/iesmila\/wp-json\/wp\/v2\/posts\/6930","targetHints":{"allow":["GET"]}}],"collection":[{"href":"https:\/\/agora.xtec.cat\/iesmila\/wp-json\/wp\/v2\/posts"}],"about":[{"href":"https:\/\/agora.xtec.cat\/iesmila\/wp-json\/wp\/v2\/types\/post"}],"author":[{"embeddable":true,"href":"https:\/\/agora.xtec.cat\/iesmila\/wp-json\/wp\/v2\/users\/1"}],"replies":[{"embeddable":true,"href":"https:\/\/agora.xtec.cat\/iesmila\/wp-json\/wp\/v2\/comments?post=6930"}],"version-history":[{"count":1,"href":"https:\/\/agora.xtec.cat\/iesmila\/wp-json\/wp\/v2\/posts\/6930\/revisions"}],"predecessor-version":[{"id":6933,"href":"https:\/\/agora.xtec.cat\/iesmila\/wp-json\/wp\/v2\/posts\/6930\/revisions\/6933"}],"wp:featuredmedia":[{"embeddable":true,"href":"https:\/\/agora.xtec.cat\/iesmila\/wp-json\/wp\/v2\/media\/6932"}],"wp:attachment":[{"href":"https:\/\/agora.xtec.cat\/iesmila\/wp-json\/wp\/v2\/media?parent=6930"}],"wp:term":[{"taxonomy":"category","embeddable":true,"href":"https:\/\/agora.xtec.cat\/iesmila\/wp-json\/wp\/v2\/categories?post=6930"},{"taxonomy":"post_tag","embeddable":true,"href":"https:\/\/agora.xtec.cat\/iesmila\/wp-json\/wp\/v2\/tags?post=6930"}],"curies":[{"name":"wp","href":"https:\/\/api.w.org\/{rel}","templated":true}]}}